{"id":67861,"date":"2024-10-31T06:21:40","date_gmt":"2024-10-31T12:21:40","guid":{"rendered":"https:\/\/elinformante.mx\/?p=67861"},"modified":"2024-10-31T06:21:41","modified_gmt":"2024-10-31T12:21:41","slug":"protestan-en-toluca-repartidores-de-plataformas-digitales","status":"publish","type":"post","link":"https:\/\/elinformante.mx\/?p=67861","title":{"rendered":"Protestan en Toluca repartidores de plataformas digitales"},"content":{"rendered":"\n<blockquote class=\"wp-block-quote is-layout-flow wp-block-quote-is-layout-flow\">\n<p>Los repartidores se mostraron inconformes con la regularizaci\u00f3n que se llevar\u00eda a cabo por la reforma propuesta.<\/p>\n<\/blockquote>\n\n\n\n<p>Se llev\u00f3 a cabo una protesta en Toluca, sum\u00e1ndose a las manifestaciones que se llevaron a cabo en el pa\u00eds, pues los repartidores de plataformas digitales aseguran que la reforma podr\u00eda golpear sus ingresos.<br><\/p>\n\n\n\n<p>Mostrando su rechazo a la regulaci\u00f3n laboral impulsada a nivel federal, alrededor de 50 repartidores de aplicaciones se unieron a la protesta nacional, bloqueando Paseo Tollocan en direcci\u00f3n a Toluca.<br><\/p>\n\n\n\n<p>Los manifestantes se\u00f1alaron que esta iniciativa legislativa atenta contra la flexibilidad y autonom\u00eda que caracterizan su trabajo.<br><\/p>\n\n\n\n<p>Consideran que es inaceptable la imposici\u00f3n de jornadas laborales de 48 horas semanales y la obligaci\u00f3n de aceptar todos los pedidos, medidas que podr\u00edan aumentar su riesgo de ser v\u00edctimas de asaltos y violencia.<br><\/p>\n\n\n\n<p>La iniciativa pretende brindarles seguridad social y sindicalizaci\u00f3n, pero los trabajadores insisten en que estas condiciones no se alinean con la din\u00e1mica flexible que buscan en su labor.<br><\/p>\n\n\n\n<p>Para los repartidores, la posibilidad de trabajar bajo sus propios horarios y rechazar pedidos es fundamental<br><\/p>\n\n\n\n<p>\u201cQueremos que nuestros derechos se respeten, principalmente la libertad de conectarnos sin horarios fijos y de rechazar pedidos que consideremos riesgosos. La ley deber\u00eda tener un enfoque dual y adaptarse a nuestras condiciones laborales\u201d.<br><\/p>\n\n\n\n<p>Los manifestantes se\u00f1alaron que la propuesta ignora la realidad de su trabajo, en el que algunos empleados dedican cuatro horas al d\u00eda, mientras otros trabajan hasta 12, seg\u00fan sus necesidades. Adem\u00e1s, alertaron sobre el posible aumento en las tarifas de servicio debido a la regulaci\u00f3n, lo cual, temen, podr\u00eda afectar la demanda y reducir sus ingresos.<br><\/p>\n\n\n\n<p>Otro de los reclamos se enfoca en el riesgo de seguridad que supone la obligaci\u00f3n de aceptar todos los pedidos. De acuerdo con los repartidores, algunos pedidos son falsos y, en varias ocasiones, los han expuesto a asaltos<br><\/p>\n\n\n\n<p>Afirman que existen lugares y pedidos son peligrosos y con esta medida solo aumenta el riesgo que enfrentan diariamente, se\u00f1alaron los manifestantes.<br><\/p>\n\n\n\n<p>Solicitaron a las autoridades analizar las particularidades de su labor y establecer una regulaci\u00f3n que contemple sus necesidades, sin imponerles un esquema r\u00edgido.<br><\/p>\n\n\n\n<p>La manifestaci\u00f3n de Toluca forma parte de un movimiento nacional de repartidores que exigen una legislaci\u00f3n que respete su autonom\u00eda y flexibilidad, y que abogue por su seguridad sin comprometer la naturaleza de la econom\u00eda colaborativa.<br><\/p>\n\n\n\n<p>Exhortaron a la Secretar\u00eda del Trabajo federal a encontrar un enfoque que equilibre la protecci\u00f3n de sus derechos laborales con la flexibilidad que hace atractiva su labor en las plataformas digitales, enfatizando que esta protesta refleja la importancia de mantener un marco regulatorio adaptado a la realidad de su trabajo.<\/p>\n","protected":false},"excerpt":{"rendered":"<p>Los repartidores se mostraron inconformes con la regularizaci\u00f3n que se llevar\u00eda a cabo por la reforma propuesta. Se llev\u00f3 a cabo una protesta en Toluca, sum\u00e1ndose a las manifestaciones que se llevaron a cabo en el pa\u00eds, pues los repartidores de plataformas digitales aseguran que la reforma podr\u00eda golpear sus ingresos. Mostrando su rechazo a [&hellip;]<\/p>\n","protected":false},"author":1,"featured_media":67862,"comment_status":"closed","ping_status":"closed","sticky":false,"template":"","format":"standard","meta":{"footnotes":""},"categories":[36],"tags":[],"class_list":["post-67861","post","type-post","status-publish","format-standard","has-post-thumbnail","hentry","category-edomex"],"_links":{"self":[{"href":"https:\/\/elinformante.mx\/index.php?rest_route=\/wp\/v2\/posts\/67861","targetHints":{"allow":["GET"]}}],"collection":[{"href":"https:\/\/elinformante.mx\/index.php?rest_route=\/wp\/v2\/posts"}],"about":[{"href":"https:\/\/elinformante.mx\/index.php?rest_route=\/wp\/v2\/types\/post"}],"author":[{"embeddable":true,"href":"https:\/\/elinformante.mx\/index.php?rest_route=\/wp\/v2\/users\/1"}],"replies":[{"embeddable":true,"href":"https:\/\/elinformante.mx\/index.php?rest_route=%2Fwp%2Fv2%2Fcomments&post=67861"}],"version-history":[{"count":0,"href":"https:\/\/elinformante.mx\/index.php?rest_route=\/wp\/v2\/posts\/67861\/revisions"}],"wp:featuredmedia":[{"embeddable":true,"href":"https:\/\/elinformante.mx\/index.php?rest_route=\/wp\/v2\/media\/67862"}],"wp:attachment":[{"href":"https:\/\/elinformante.mx\/index.php?rest_route=%2Fwp%2Fv2%2Fmedia&parent=67861"}],"wp:term":[{"taxonomy":"category","embeddable":true,"href":"https:\/\/elinformante.mx\/index.php?rest_route=%2Fwp%2Fv2%2Fcategories&post=67861"},{"taxonomy":"post_tag","embeddable":true,"href":"https:\/\/elinformante.mx\/index.php?rest_route=%2Fwp%2Fv2%2Ftags&post=67861"}],"curies":[{"name":"wp","href":"https:\/\/api.w.org\/{rel}","templated":true}]}}