{"id":67868,"date":"2024-10-31T06:27:44","date_gmt":"2024-10-31T12:27:44","guid":{"rendered":"https:\/\/elinformante.mx\/?p=67868"},"modified":"2024-10-31T06:27:45","modified_gmt":"2024-10-31T12:27:45","slug":"reciben-suteymistas-el-pago-de-becas-escolares","status":"publish","type":"post","link":"https:\/\/elinformante.mx\/?p=67868","title":{"rendered":"Reciben Suteymistas el pago de becas escolares"},"content":{"rendered":"\n<blockquote class=\"wp-block-quote is-layout-flow wp-block-quote-is-layout-flow\">\n<p>Se reconoce el esfuerzo, la dedicaci\u00f3n y la dificultad que enfrentan las personas que estudian y trabajan.<\/p>\n<\/blockquote>\n\n\n\n<p>Servidoras y servidores p\u00fablicos afiliados al Sindicato \u00danico de Trabajadores de los Poderes, Municipios e Instituciones Descentralizadas del Estado de M\u00e9xico (SUTEYM) que contin\u00faan su preparaci\u00f3n acad\u00e9mica recibieron el pago de becas, prestaci\u00f3n contenida en el convenio que tiene la organizaci\u00f3n con el gobierno de la entidad.<br><\/p>\n\n\n\n<p>El auditorio \u201cTeniente Sebasti\u00e1n Cruz Ar\u00e1mbula S\u00e1nchez\u201d fue sede de esta entrega presidida por Herminio Cahue Calder\u00f3n, Secretario General del SUTEYM, en la cual se otorgaron 125 cheques a las becarias y becarios, con un monto econ\u00f3mico correspondiente al nivel acad\u00e9mico cursado.<br><\/p>\n\n\n\n<p>En su mensaje, el dirigente estatal manifest\u00f3 su benepl\u00e1cito por ver a las y los agremiados cumplir sus metas. Reconoci\u00f3 el esfuerzo, la dedicaci\u00f3n y la dificultad de las personas que estudian y trabajan, asimismo, resalt\u00f3 que el conocimiento brinda la posibilidad de ver el entorno de manera diferente y mejorar humana y profesionalmente.<br><\/p>\n\n\n\n<p>\u201cHoy tenemos que apostarle a la preparaci\u00f3n, y ustedes que tuvieron el valor de hacerlo, de verdad que me siento sumamente orgulloso e identificado. Les pido que sigamos estando unidos. Acabamos de cumplir 86 a\u00f1os de vida como organizaci\u00f3n sindical y nos hemos distinguido por esa unidad, por esa conciencia de grupo que tenemos las y los suteymistas\u201d, expres\u00f3 Herminio Cahue.<br><\/p>\n\n\n\n<figure class=\"wp-block-image size-large\"><img fetchpriority=\"high\" decoding=\"async\" width=\"1024\" height=\"503\" src=\"https:\/\/elinformante.mx\/wp-content\/uploads\/2024\/10\/10suteymistas-1024x503.jpg\" alt=\"\" class=\"wp-image-67870\" srcset=\"https:\/\/elinformante.mx\/wp-content\/uploads\/2024\/10\/10suteymistas-1024x503.jpg 1024w, https:\/\/elinformante.mx\/wp-content\/uploads\/2024\/10\/10suteymistas-300x147.jpg 300w, https:\/\/elinformante.mx\/wp-content\/uploads\/2024\/10\/10suteymistas-768x377.jpg 768w, https:\/\/elinformante.mx\/wp-content\/uploads\/2024\/10\/10suteymistas-580x285.jpg 580w, https:\/\/elinformante.mx\/wp-content\/uploads\/2024\/10\/10suteymistas-860x422.jpg 860w, https:\/\/elinformante.mx\/wp-content\/uploads\/2024\/10\/10suteymistas.jpg 1140w\" sizes=\"(max-width: 1024px) 100vw, 1024px\" \/><\/figure>\n\n\n\n<p>Tambi\u00e9n reiter\u00f3 su compromiso por ejercer una representaci\u00f3n transparente, honesta y respetuosa al colectivo.<br><\/p>\n\n\n\n<p>En la exposici\u00f3n de motivos, Miriam Guadalupe Santiago Villanueva, secretaria de Capacitaci\u00f3n Laboral y Cultural, dijo que la entrega de estas becas simboliza el compromiso del l\u00edder estatal por el desarrollo profesional y personal de cada integrante de la familia suteymista.<br><\/p>\n\n\n\n<p>\u201cAgradezco a cada uno de ustedes por su dedicaci\u00f3n y esfuerzo, su perseverancia es un ejemplo para todos, Estas becas no solo reconocen su logro, sino tambi\u00e9n impulsan su crecimiento. Su formaci\u00f3n enriquecer\u00e1 a nuestro pa\u00eds, a nuestro estado y, por supuesto, a nuestra querida organizaci\u00f3n\u201d, destac\u00f3 Miriam Santiago.<br><\/p>\n\n\n\n<p>Becarias expresaron su agradecimiento por el apoyo, y reconocieron el esfuerzo de la organizaci\u00f3n, as\u00ed como su compromiso con la educaci\u00f3n y el bienestar de la membres\u00eda.<\/p>\n","protected":false},"excerpt":{"rendered":"<p>Se reconoce el esfuerzo, la dedicaci\u00f3n y la dificultad que enfrentan las personas que estudian y trabajan. Servidoras y servidores p\u00fablicos afiliados al Sindicato \u00danico de Trabajadores de los Poderes, Municipios e Instituciones Descentralizadas del Estado de M\u00e9xico (SUTEYM) que contin\u00faan su preparaci\u00f3n acad\u00e9mica recibieron el pago de becas, prestaci\u00f3n contenida en el convenio que [&hellip;]<\/p>\n","protected":false},"author":1,"featured_media":67869,"comment_status":"closed","ping_status":"closed","sticky":false,"template":"","format":"standard","meta":{"footnotes":""},"categories":[30,36],"tags":[],"class_list":["post-67868","post","type-post","status-publish","format-standard","has-post-thumbnail","hentry","category-destacado","category-edomex"],"_links":{"self":[{"href":"https:\/\/elinformante.mx\/index.php?rest_route=\/wp\/v2\/posts\/67868","targetHints":{"allow":["GET"]}}],"collection":[{"href":"https:\/\/elinformante.mx\/index.php?rest_route=\/wp\/v2\/posts"}],"about":[{"href":"https:\/\/elinformante.mx\/index.php?rest_route=\/wp\/v2\/types\/post"}],"author":[{"embeddable":true,"href":"https:\/\/elinformante.mx\/index.php?rest_route=\/wp\/v2\/users\/1"}],"replies":[{"embeddable":true,"href":"https:\/\/elinformante.mx\/index.php?rest_route=%2Fwp%2Fv2%2Fcomments&post=67868"}],"version-history":[{"count":0,"href":"https:\/\/elinformante.mx\/index.php?rest_route=\/wp\/v2\/posts\/67868\/revisions"}],"wp:featuredmedia":[{"embeddable":true,"href":"https:\/\/elinformante.mx\/index.php?rest_route=\/wp\/v2\/media\/67869"}],"wp:attachment":[{"href":"https:\/\/elinformante.mx\/index.php?rest_route=%2Fwp%2Fv2%2Fmedia&parent=67868"}],"wp:term":[{"taxonomy":"category","embeddable":true,"href":"https:\/\/elinformante.mx\/index.php?rest_route=%2Fwp%2Fv2%2Fcategories&post=67868"},{"taxonomy":"post_tag","embeddable":true,"href":"https:\/\/elinformante.mx\/index.php?rest_route=%2Fwp%2Fv2%2Ftags&post=67868"}],"curies":[{"name":"wp","href":"https:\/\/api.w.org\/{rel}","templated":true}]}}