{"id":67876,"date":"2024-10-31T06:33:44","date_gmt":"2024-10-31T12:33:44","guid":{"rendered":"https:\/\/elinformante.mx\/?p=67876"},"modified":"2024-10-31T06:33:45","modified_gmt":"2024-10-31T12:33:45","slug":"2a-jornada-limpiemos-nuestro-edomex-cierra-su-primer-dia-con-mas-de-1000-llantas-recolectadas","status":"publish","type":"post","link":"https:\/\/elinformante.mx\/?p=67876","title":{"rendered":"2\u00aa Jornada \u201cLimpiemos Nuestro Edom\u00e9x\u201d cierra su primer d\u00eda con m\u00e1s de 1,000 llantas recolectadas"},"content":{"rendered":"\n<blockquote class=\"wp-block-quote is-layout-flow wp-block-quote-is-layout-flow\">\n<p>Estas llantas ser\u00e1n entregadas a un centro de acopio, y los recursos que se obtengan del reciclaje ser\u00e1n destinados a escuelas y apoyos para la ni\u00f1ez que padece c\u00e1ncer.<\/p>\n<\/blockquote>\n\n\n\n<p>La Segunda Jornada \u201cLimpiemos Nuestro Edom\u00e9x\u201d, impulsada por la Gobernadora del Estado de M\u00e9xico, Delfina G\u00f3mez \u00c1lvarez, cerr\u00f3 su primer d\u00eda de recolecci\u00f3n con mil 055 neum\u00e1ticos retirados en 16 municipios mexiquenses.<br><\/p>\n\n\n\n<p>Por la noche del martes 29 de octubre comenzaron a llegar los camiones cargados de llantas a la Direcci\u00f3n General de Recursos Materiales de la Subdirecci\u00f3n de Eventos Especiales de la Oficial\u00eda Mayor, donde ser\u00e1n resguardadas para posteriormente entregarlas a una empresa de reciclaje.<br><\/p>\n\n\n\n<p>Los recursos que se obtengan ser\u00e1n destinados a instituciones educativas y apoyo a ni\u00f1as y ni\u00f1os que padecen c\u00e1ncer.<br><\/p>\n\n\n\n<figure class=\"wp-block-image size-large\"><img fetchpriority=\"high\" decoding=\"async\" width=\"1024\" height=\"503\" src=\"https:\/\/elinformante.mx\/wp-content\/uploads\/2024\/10\/7se-recolecta-2-1024x503.jpg\" alt=\"\" class=\"wp-image-67878\" srcset=\"https:\/\/elinformante.mx\/wp-content\/uploads\/2024\/10\/7se-recolecta-2-1024x503.jpg 1024w, https:\/\/elinformante.mx\/wp-content\/uploads\/2024\/10\/7se-recolecta-2-300x147.jpg 300w, https:\/\/elinformante.mx\/wp-content\/uploads\/2024\/10\/7se-recolecta-2-768x377.jpg 768w, https:\/\/elinformante.mx\/wp-content\/uploads\/2024\/10\/7se-recolecta-2-580x285.jpg 580w, https:\/\/elinformante.mx\/wp-content\/uploads\/2024\/10\/7se-recolecta-2-860x422.jpg 860w, https:\/\/elinformante.mx\/wp-content\/uploads\/2024\/10\/7se-recolecta-2.jpg 1140w\" sizes=\"(max-width: 1024px) 100vw, 1024px\" \/><\/figure>\n\n\n\n<p>\u201cComprar equipamiento para nuestras escuelas para ni\u00f1os con c\u00e1ncer, hay tantas cosas que se pueden hacer, ya les daremos un informe de a d\u00f3nde se fue, qu\u00e9 se hizo, si hubo alg\u00fan recurso, qu\u00e9 se hizo con eso y a d\u00f3nde se fue ese apoyo\u201d, detall\u00f3 la Gobernadora Delfina G\u00f3mez \u00c1lvarez, durante el banderazo de salida de las unidades que, de manera simult\u00e1nea arrancaron cuatro rutas de recolecci\u00f3n.<br><\/p>\n\n\n\n<p>Ruta 1: Tepetlaoxtoc, Texcoco, Chicoloapan y La Paz. Ruta 2: La Paz, Ecatepec, Tec\u00e1mac, Coacalco y Tlalnepantla. Ruta 3: Amecameca, Tlalmanalco, Cocotitl\u00e1n, Chalco, Ixtapaluca, La Paz y Nezahualc\u00f3yotl. Ruta 4: Nicol\u00e1s Romero, Atizap\u00e1n de Zaragoza, Tlalnepantla y Ecatepec.<br><\/p>\n\n\n\n<p>Esta Jornada se mantendr\u00e1 de manera permanente en atenci\u00f3n a la instrucci\u00f3n de la Gobernadora Delfina G\u00f3mez \u00c1lvarez, quien exhort\u00f3 a la poblaci\u00f3n mexiquense a sumarse a esta campa\u00f1a de protecci\u00f3n al medio ambiente, a trav\u00e9s de sus reportes en el sitio web https:\/\/limpiemos.edomex.gob.mx\/.<br><\/p>\n\n\n\n<p>Para reportar tiraderos de llantas, se deben seguir los siguientes pasos: ingresar al sitio web y seleccionar la opci\u00f3n de contacto, que se encuentra en la parte superior derecha, posteriormente se deber\u00e1 llenar el formato con nombre, edad, correo electr\u00f3nico y un mensaje con los datos necesarios, para que los servidores p\u00fablicos puedan acudir a retirar los neum\u00e1ticos de la zona.<\/p>\n","protected":false},"excerpt":{"rendered":"<p>Estas llantas ser\u00e1n entregadas a un centro de acopio, y los recursos que se obtengan del reciclaje ser\u00e1n destinados a escuelas y apoyos para la ni\u00f1ez que padece c\u00e1ncer. La Segunda Jornada \u201cLimpiemos Nuestro Edom\u00e9x\u201d, impulsada por la Gobernadora del Estado de M\u00e9xico, Delfina G\u00f3mez \u00c1lvarez, cerr\u00f3 su primer d\u00eda de recolecci\u00f3n con mil 055 [&hellip;]<\/p>\n","protected":false},"author":1,"featured_media":67877,"comment_status":"closed","ping_status":"closed","sticky":false,"template":"","format":"standard","meta":{"footnotes":""},"categories":[36],"tags":[],"class_list":["post-67876","post","type-post","status-publish","format-standard","has-post-thumbnail","hentry","category-edomex"],"_links":{"self":[{"href":"https:\/\/elinformante.mx\/index.php?rest_route=\/wp\/v2\/posts\/67876","targetHints":{"allow":["GET"]}}],"collection":[{"href":"https:\/\/elinformante.mx\/index.php?rest_route=\/wp\/v2\/posts"}],"about":[{"href":"https:\/\/elinformante.mx\/index.php?rest_route=\/wp\/v2\/types\/post"}],"author":[{"embeddable":true,"href":"https:\/\/elinformante.mx\/index.php?rest_route=\/wp\/v2\/users\/1"}],"replies":[{"embeddable":true,"href":"https:\/\/elinformante.mx\/index.php?rest_route=%2Fwp%2Fv2%2Fcomments&post=67876"}],"version-history":[{"count":0,"href":"https:\/\/elinformante.mx\/index.php?rest_route=\/wp\/v2\/posts\/67876\/revisions"}],"wp:featuredmedia":[{"embeddable":true,"href":"https:\/\/elinformante.mx\/index.php?rest_route=\/wp\/v2\/media\/67877"}],"wp:attachment":[{"href":"https:\/\/elinformante.mx\/index.php?rest_route=%2Fwp%2Fv2%2Fmedia&parent=67876"}],"wp:term":[{"taxonomy":"category","embeddable":true,"href":"https:\/\/elinformante.mx\/index.php?rest_route=%2Fwp%2Fv2%2Fcategories&post=67876"},{"taxonomy":"post_tag","embeddable":true,"href":"https:\/\/elinformante.mx\/index.php?rest_route=%2Fwp%2Fv2%2Ftags&post=67876"}],"curies":[{"name":"wp","href":"https:\/\/api.w.org\/{rel}","templated":true}]}}