{"id":67880,"date":"2024-10-31T06:37:52","date_gmt":"2024-10-31T12:37:52","guid":{"rendered":"https:\/\/elinformante.mx\/?p=67880"},"modified":"2024-10-31T06:37:55","modified_gmt":"2024-10-31T12:37:55","slug":"se-posiciona-edomex-como-referente-de-la-defensa-de-los-derechos-de-la-infancia-y-adolescencia","status":"publish","type":"post","link":"https:\/\/elinformante.mx\/?p=67880","title":{"rendered":"Se posiciona Edom\u00e9x como referente de la defensa de los derechos de la infancia y adolescencia"},"content":{"rendered":"\n<blockquote class=\"wp-block-quote is-layout-flow wp-block-quote-is-layout-flow\">\n<p>La Secretar\u00eda de las Mujeres, SIPINNA y REDIM colaborar\u00e1n para implementar una perspectiva de ni\u00f1ez en las pol\u00edticas p\u00fablicas que atiendan las necesidades de ni\u00f1as, ni\u00f1os y adolescentes.<\/p>\n<\/blockquote>\n\n\n\n<p>En el marco de la D\u00e9cima Cuarta Sesi\u00f3n Ordinaria del Sistema de Protecci\u00f3n Integral de Ni\u00f1as, Ni\u00f1os y Adolescentes del Estado de M\u00e9xico (SIPINNA), se aprob\u00f3 de manera un\u00e1nime la ruta estrat\u00e9gica para el Programa de Protecci\u00f3n de Ni\u00f1as, Ni\u00f1os y Adolescentes del Estado de M\u00e9xico 2023-2029 (PROEPINNA) y se firm\u00f3 un convenio con la Red por los Derechos de la Infancia en M\u00e9xico (REDIM) para la creaci\u00f3n de una base de datos estad\u00edsticos con perspectiva de infancia.<br><\/p>\n\n\n\n<p>M\u00f3nica Ch\u00e1vez Dur\u00e1n, Secretaria de las Mujeres y Presidenta Suplente del SIPINNA, inform\u00f3 que las metas del PROEPINNA se centran en la protecci\u00f3n y garant\u00eda de derechos; en fomentar su bienestar integral y su participaci\u00f3n en la sociedad.<br><\/p>\n\n\n\n<p>Tambi\u00e9n en promover la participaci\u00f3n activa de las propias ni\u00f1as, ni\u00f1os y adolescentes en la identificaci\u00f3n de sus necesidades y problem\u00e1ticas; el uso de metodolog\u00eda con diagn\u00f3sticos cualitativos y cuantitativos; y trabajar en la sistematizaci\u00f3n de datos que respalden las intervenciones.<br><\/p>\n\n\n\n<p>Respecto a la firma del convenio entre la SeMujeres, SIPINNA y REDIM, Ch\u00e1vez Dur\u00e1n enfatiz\u00f3 la importancia de esta iniciativa, que permitir\u00e1 crear una base de datos estad\u00edsticos con enfoque en las infancias y adolescencias, proporcionando informaci\u00f3n precisa y actualizada sobre sus condiciones de vida y necesidades espec\u00edficas.<br><\/p>\n\n\n\n<p>REDIM trabajar\u00e1 con el Gobierno del Estado de M\u00e9xico, como un aliado estrat\u00e9gico en la protecci\u00f3n efectiva y sustentada en los principios de protagonismo y participaci\u00f3n activa de la ni\u00f1ez, retomando sus voces y trabajando codo a codo en una vida m\u00e1s digna y plena que garantice el disfrute de sus derechos.<br><\/p>\n\n\n\n<p>Estas acciones se llevar\u00e1n a cabo a trav\u00e9s del proyecto Equidata, iniciativa impulsada por la SeMujeres, herramienta clave para desagregar datos por sexo, edad y municipio e identificar y abordar desigualdades espec\u00edficas.<br><\/p>\n\n\n\n<p>SIPINNA articular\u00e1 acciones con diversas instancias gubernamentales y organizaciones civiles, para que cada ni\u00f1a, ni\u00f1o y adolescente sea reconocido como sujeto de derechos y oportunidades para alcanzar su m\u00e1ximo potencial.<br><\/p>\n\n\n\n<p>Esta es la primera ocasi\u00f3n que REDIM firma un convenio con una entidad para coadyuvar directamente en la creaci\u00f3n de pol\u00edticas p\u00fablicas para la procuraci\u00f3n y reivindicaci\u00f3n de los derechos de ni\u00f1as, ni\u00f1os y adolescentes.<br><\/p>\n\n\n\n<p>La Red por los Derechos de la Infancia en M\u00e9xico agrupa a m\u00e1s de 80 organizaciones y ha sido una aliada esencial en la lucha contra la violencia, la pobreza y la promoci\u00f3n del acceso a la educaci\u00f3n y la salud; colabor\u00f3 en la creaci\u00f3n de la Ley General de los Derechos de Ni\u00f1as, Ni\u00f1os y Adolescentes, promulgada en 2014, y ha sido clave para visibilizar la situaci\u00f3n de la ni\u00f1ez en M\u00e9xico a nivel internacional, presentando informes alternativos ante el Comit\u00e9 de los Derechos del Ni\u00f1o y denunciando violaciones de derechos como la violencia, pobreza, migraci\u00f3n infantil y explotaci\u00f3n.<br><\/p>\n\n\n\n<p>Tania Ram\u00edrez Hern\u00e1ndez, Directora Ejecutiva de REDIM, destac\u00f3 que la organizaci\u00f3n cuenta con m\u00e1s de 24 a\u00f1os de experiencia en 20 estados del pa\u00eds, dedic\u00e1ndose a analizar informaci\u00f3n que mejora la toma de decisiones en favor de la ni\u00f1ez.<br><\/p>\n\n\n\n<p>Subray\u00f3 que el Estado de M\u00e9xico enfrenta grandes desaf\u00edos al tiempo de reconocer los avances, como la reducci\u00f3n de embarazos infantiles y matrimonios adolescentes, posicion\u00e1ndose como la cuarta entidad con menor porcentaje en estos aspectos.<br><\/p>\n\n\n\n<p>M\u00f3nica Ch\u00e1vez Dur\u00e1n indic\u00f3 que, estas acciones reafirman el compromiso de la Gobernadora y Presidenta del SIPINNA Estado de M\u00e9xico, la Maestra Delfina G\u00f3mez \u00c1lvarez, de asegurar que cada ni\u00f1a, ni\u00f1o y adolescente en el Estado de M\u00e9xico tenga la oportunidad de crecer en un entorno seguro, justo y equitativo.<\/p>\n","protected":false},"excerpt":{"rendered":"<p>La Secretar\u00eda de las Mujeres, SIPINNA y REDIM colaborar\u00e1n para implementar una perspectiva de ni\u00f1ez en las pol\u00edticas p\u00fablicas que atiendan las necesidades de ni\u00f1as, ni\u00f1os y adolescentes. En el marco de la D\u00e9cima Cuarta Sesi\u00f3n Ordinaria del Sistema de Protecci\u00f3n Integral de Ni\u00f1as, Ni\u00f1os y Adolescentes del Estado de M\u00e9xico (SIPINNA), se aprob\u00f3 de [&hellip;]<\/p>\n","protected":false},"author":1,"featured_media":67881,"comment_status":"closed","ping_status":"closed","sticky":false,"template":"","format":"standard","meta":{"footnotes":""},"categories":[30,36],"tags":[],"class_list":["post-67880","post","type-post","status-publish","format-standard","has-post-thumbnail","hentry","category-destacado","category-edomex"],"_links":{"self":[{"href":"https:\/\/elinformante.mx\/index.php?rest_route=\/wp\/v2\/posts\/67880","targetHints":{"allow":["GET"]}}],"collection":[{"href":"https:\/\/elinformante.mx\/index.php?rest_route=\/wp\/v2\/posts"}],"about":[{"href":"https:\/\/elinformante.mx\/index.php?rest_route=\/wp\/v2\/types\/post"}],"author":[{"embeddable":true,"href":"https:\/\/elinformante.mx\/index.php?rest_route=\/wp\/v2\/users\/1"}],"replies":[{"embeddable":true,"href":"https:\/\/elinformante.mx\/index.php?rest_route=%2Fwp%2Fv2%2Fcomments&post=67880"}],"version-history":[{"count":0,"href":"https:\/\/elinformante.mx\/index.php?rest_route=\/wp\/v2\/posts\/67880\/revisions"}],"wp:featuredmedia":[{"embeddable":true,"href":"https:\/\/elinformante.mx\/index.php?rest_route=\/wp\/v2\/media\/67881"}],"wp:attachment":[{"href":"https:\/\/elinformante.mx\/index.php?rest_route=%2Fwp%2Fv2%2Fmedia&parent=67880"}],"wp:term":[{"taxonomy":"category","embeddable":true,"href":"https:\/\/elinformante.mx\/index.php?rest_route=%2Fwp%2Fv2%2Fcategories&post=67880"},{"taxonomy":"post_tag","embeddable":true,"href":"https:\/\/elinformante.mx\/index.php?rest_route=%2Fwp%2Fv2%2Ftags&post=67880"}],"curies":[{"name":"wp","href":"https:\/\/api.w.org\/{rel}","templated":true}]}}