{"id":67887,"date":"2024-10-31T06:47:59","date_gmt":"2024-10-31T12:47:59","guid":{"rendered":"https:\/\/elinformante.mx\/?p=67887"},"modified":"2024-10-31T06:48:00","modified_gmt":"2024-10-31T12:48:00","slug":"edomex-primer-lugar-nacional-en-centros-logisticos-y-en-creacion-de-empleos-laura-gonzalez","status":"publish","type":"post","link":"https:\/\/elinformante.mx\/?p=67887","title":{"rendered":"Edom\u00e9x primer lugar nacional en Centros Log\u00edsticos y en creaci\u00f3n de empleos: Laura Gonz\u00e1lez"},"content":{"rendered":"\n<blockquote class=\"wp-block-quote is-layout-flow wp-block-quote-is-layout-flow\">\n<p>Se pone en marcha el Centro de Distribuci\u00f3n de Mercado Libre en Tultepec, ubicado en la zona del AIFA, donde generar\u00e1 hasta 3 mil empleos formales.<\/p>\n<\/blockquote>\n\n\n\n<p>Como resultado del impulso que el Gobierno de la Maestra Delfina G\u00f3mez \u00c1lvarez ha dado a la actividad log\u00edstica y aprovechando las ventajas competitivas con las que cuenta el Estado de M\u00e9xico, fue puesto en marcha el Centro de Distribuci\u00f3n de Mercado Libre en el municipio de Tultepec.<br><\/p>\n\n\n\n<p>Laura Gonz\u00e1lez Hern\u00e1ndez, Secretaria de Desarrollo Econ\u00f3mico, se\u00f1al\u00f3 que este nuevo espacio se suma a los 390 Centros Log\u00edsticos instalados en el Estado de M\u00e9xico, lo que posiciona a la entidad en el primer lugar a nivel nacional, adem\u00e1s de que estos representan el 13 por ciento del total del pa\u00eds.<br><\/p>\n\n\n\n<figure class=\"wp-block-image size-large\"><img fetchpriority=\"high\" decoding=\"async\" width=\"1024\" height=\"503\" src=\"https:\/\/elinformante.mx\/wp-content\/uploads\/2024\/10\/8edomex-2-1-1024x503.jpg\" alt=\"\" class=\"wp-image-67889\" srcset=\"https:\/\/elinformante.mx\/wp-content\/uploads\/2024\/10\/8edomex-2-1-1024x503.jpg 1024w, https:\/\/elinformante.mx\/wp-content\/uploads\/2024\/10\/8edomex-2-1-300x147.jpg 300w, https:\/\/elinformante.mx\/wp-content\/uploads\/2024\/10\/8edomex-2-1-768x377.jpg 768w, https:\/\/elinformante.mx\/wp-content\/uploads\/2024\/10\/8edomex-2-1-580x285.jpg 580w, https:\/\/elinformante.mx\/wp-content\/uploads\/2024\/10\/8edomex-2-1-860x422.jpg 860w, https:\/\/elinformante.mx\/wp-content\/uploads\/2024\/10\/8edomex-2-1.jpg 1140w\" sizes=\"(max-width: 1024px) 100vw, 1024px\" \/><\/figure>\n\n\n\n<p>Refiri\u00f3 que el Estado de M\u00e9xico es la segunda econom\u00eda del pa\u00eds, ocupando el primer lugar en generaci\u00f3n de empleos a nivel nacional y siendo una de las entidades que m\u00e1s inversi\u00f3n est\u00e1 atrayendo y est\u00e1s buenas noticias asegur\u00f3, son importantes para el pa\u00eds y la entidad.<br><\/p>\n\n\n\n<p>Acompa\u00f1ada de Paulina Moreno Garc\u00eda, Secretaria de Finanzas, y de Ram\u00f3n Sergio Luna Cort\u00e9s, Presidente Municipal de Tultepec, Gonz\u00e1lez Hern\u00e1ndez destac\u00f3 que en esta administraci\u00f3n se han reabierto las puertas a la inversi\u00f3n, ya que es importante seguir generando fuentes de empleo formal y condiciones para que lleguen m\u00e1s empresas, industria y centros de distribuci\u00f3n.<br><\/p>\n\n\n\n<figure class=\"wp-block-image size-large\"><img decoding=\"async\" width=\"1024\" height=\"503\" src=\"https:\/\/elinformante.mx\/wp-content\/uploads\/2024\/10\/8edomex-3-1-1024x503.jpg\" alt=\"\" class=\"wp-image-67890\" srcset=\"https:\/\/elinformante.mx\/wp-content\/uploads\/2024\/10\/8edomex-3-1-1024x503.jpg 1024w, https:\/\/elinformante.mx\/wp-content\/uploads\/2024\/10\/8edomex-3-1-300x147.jpg 300w, https:\/\/elinformante.mx\/wp-content\/uploads\/2024\/10\/8edomex-3-1-768x377.jpg 768w, https:\/\/elinformante.mx\/wp-content\/uploads\/2024\/10\/8edomex-3-1-580x285.jpg 580w, https:\/\/elinformante.mx\/wp-content\/uploads\/2024\/10\/8edomex-3-1-860x422.jpg 860w, https:\/\/elinformante.mx\/wp-content\/uploads\/2024\/10\/8edomex-3-1.jpg 1140w\" sizes=\"(max-width: 1024px) 100vw, 1024px\" \/><\/figure>\n\n\n\n<p>\u201cLo que hoy se anuncia es parte de una estrategia de promoci\u00f3n econ\u00f3mica sectorial y regional para seguir atrayendo inversiones, que se sepa que el estado es l\u00edder en materia econ\u00f3mica, laboral, pero siempre poniendo al centro al ciudadano\u201d, detall\u00f3 la funcionaria estatal.<br><\/p>\n\n\n\n<p>Este Centro de Distribuci\u00f3n es el n\u00famero 11 de Mercado Libre a nivel nacional, tiene un total de 100 mil metros cuadrados y una capacidad de almacenamiento de hasta 16 millones de unidades.<br><\/p>\n\n\n\n<figure class=\"wp-block-image size-large\"><img decoding=\"async\" width=\"1024\" height=\"503\" src=\"https:\/\/elinformante.mx\/wp-content\/uploads\/2024\/10\/8edomex-4-1-1024x503.jpg\" alt=\"\" class=\"wp-image-67891\" srcset=\"https:\/\/elinformante.mx\/wp-content\/uploads\/2024\/10\/8edomex-4-1-1024x503.jpg 1024w, https:\/\/elinformante.mx\/wp-content\/uploads\/2024\/10\/8edomex-4-1-300x147.jpg 300w, https:\/\/elinformante.mx\/wp-content\/uploads\/2024\/10\/8edomex-4-1-768x377.jpg 768w, https:\/\/elinformante.mx\/wp-content\/uploads\/2024\/10\/8edomex-4-1-580x285.jpg 580w, https:\/\/elinformante.mx\/wp-content\/uploads\/2024\/10\/8edomex-4-1-860x422.jpg 860w, https:\/\/elinformante.mx\/wp-content\/uploads\/2024\/10\/8edomex-4-1.jpg 1140w\" sizes=\"(max-width: 1024px) 100vw, 1024px\" \/><\/figure>\n\n\n\n<p>Su infraestructura permitir\u00e1 procesar hasta 400 mil paquetes por d\u00eda y generar\u00e1 3 mil empleos formales una vez que concluya la construcci\u00f3n de todo el proyecto que ser\u00e1 en marzo de 2025.<br><\/p>\n\n\n\n<p>El CEDIS est\u00e1 instalado estrat\u00e9gicamente en la zona AIFA, una de las siete regiones que el Estado de M\u00e9xico tiene identificadas como de mayor oportunidad para recibir inversiones de este tipo y cualquier otro, ya que cuenta con la infraestructura carretera, ferroviaria y a\u00e9rea necesaria para ello.<\/p>\n","protected":false},"excerpt":{"rendered":"<p>Se pone en marcha el Centro de Distribuci\u00f3n de Mercado Libre en Tultepec, ubicado en la zona del AIFA, donde generar\u00e1 hasta 3 mil empleos formales. Como resultado del impulso que el Gobierno de la Maestra Delfina G\u00f3mez \u00c1lvarez ha dado a la actividad log\u00edstica y aprovechando las ventajas competitivas con las que cuenta el [&hellip;]<\/p>\n","protected":false},"author":1,"featured_media":67888,"comment_status":"closed","ping_status":"closed","sticky":false,"template":"","format":"standard","meta":{"footnotes":""},"categories":[30,36,31],"tags":[46],"class_list":["post-67887","post","type-post","status-publish","format-standard","has-post-thumbnail","hentry","category-destacado","category-edomex","category-portada","tag-portadaedomex"],"_links":{"self":[{"href":"https:\/\/elinformante.mx\/index.php?rest_route=\/wp\/v2\/posts\/67887","targetHints":{"allow":["GET"]}}],"collection":[{"href":"https:\/\/elinformante.mx\/index.php?rest_route=\/wp\/v2\/posts"}],"about":[{"href":"https:\/\/elinformante.mx\/index.php?rest_route=\/wp\/v2\/types\/post"}],"author":[{"embeddable":true,"href":"https:\/\/elinformante.mx\/index.php?rest_route=\/wp\/v2\/users\/1"}],"replies":[{"embeddable":true,"href":"https:\/\/elinformante.mx\/index.php?rest_route=%2Fwp%2Fv2%2Fcomments&post=67887"}],"version-history":[{"count":0,"href":"https:\/\/elinformante.mx\/index.php?rest_route=\/wp\/v2\/posts\/67887\/revisions"}],"wp:featuredmedia":[{"embeddable":true,"href":"https:\/\/elinformante.mx\/index.php?rest_route=\/wp\/v2\/media\/67888"}],"wp:attachment":[{"href":"https:\/\/elinformante.mx\/index.php?rest_route=%2Fwp%2Fv2%2Fmedia&parent=67887"}],"wp:term":[{"taxonomy":"category","embeddable":true,"href":"https:\/\/elinformante.mx\/index.php?rest_route=%2Fwp%2Fv2%2Fcategories&post=67887"},{"taxonomy":"post_tag","embeddable":true,"href":"https:\/\/elinformante.mx\/index.php?rest_route=%2Fwp%2Fv2%2Ftags&post=67887"}],"curies":[{"name":"wp","href":"https:\/\/api.w.org\/{rel}","templated":true}]}}