{"id":67897,"date":"2024-10-31T06:58:16","date_gmt":"2024-10-31T12:58:16","guid":{"rendered":"https:\/\/elinformante.mx\/?p=67897"},"modified":"2024-10-31T06:58:17","modified_gmt":"2024-10-31T12:58:17","slug":"alcaldia-iztapalapa-presenta-mega-ofrenda","status":"publish","type":"post","link":"https:\/\/elinformante.mx\/?p=67897","title":{"rendered":"Alcald\u00eda Iztapalapa presenta Mega Ofrenda"},"content":{"rendered":"\n<blockquote class=\"wp-block-quote is-layout-flow wp-block-quote-is-layout-flow\">\n<p>La alcaldesa se mostr\u00f3 muy contenta de compartir este festejo un a\u00f1o m\u00e1s, buscando preservar las tradiciones y costumbres.<\/p>\n<\/blockquote>\n\n\n\n<p>La alcaldesa de Iztapalapa, Aleida Alavez, con motivo de las celebraciones por el D\u00eda de Muertos inaugur\u00f3 la tradicional Mega Ofrenda en la Macroplaza.<br><\/p>\n\n\n\n<p>Alavez se\u00f1al\u00f3 que este es el momento c\u00faspide de la festividad, ya que toda la tradici\u00f3n guardada por los pueblos originarios converge en un solo lugar para disfrute de los vecinos y visitantes.<br><\/p>\n\n\n\n<p>\u201cAqu\u00ed se ve la participaci\u00f3n de los pueblos y barrios originarios a trav\u00e9s de su cosmovisi\u00f3n\u201d, indic\u00f3 luego de recorrer cada una de las ofrendas elaboradas con materiales originarios de la regi\u00f3n.<br><\/p>\n\n\n\n<figure class=\"wp-block-image size-large\"><img fetchpriority=\"high\" decoding=\"async\" width=\"1024\" height=\"503\" src=\"https:\/\/elinformante.mx\/wp-content\/uploads\/2024\/10\/6iztapalapa-2-1024x503.jpg\" alt=\"\" class=\"wp-image-67899\" srcset=\"https:\/\/elinformante.mx\/wp-content\/uploads\/2024\/10\/6iztapalapa-2-1024x503.jpg 1024w, https:\/\/elinformante.mx\/wp-content\/uploads\/2024\/10\/6iztapalapa-2-300x147.jpg 300w, https:\/\/elinformante.mx\/wp-content\/uploads\/2024\/10\/6iztapalapa-2-768x377.jpg 768w, https:\/\/elinformante.mx\/wp-content\/uploads\/2024\/10\/6iztapalapa-2-580x285.jpg 580w, https:\/\/elinformante.mx\/wp-content\/uploads\/2024\/10\/6iztapalapa-2-860x422.jpg 860w, https:\/\/elinformante.mx\/wp-content\/uploads\/2024\/10\/6iztapalapa-2.jpg 1140w\" sizes=\"(max-width: 1024px) 100vw, 1024px\" \/><\/figure>\n\n\n\n<p>Alavez Ruiz mencion\u00f3 que este a\u00f1o tambi\u00e9n se contar\u00e1 con varias colaboraciones de artistas iztapalapenses, quienes crearon figuras de gran tama\u00f1o que se exhiben en la plaza principal.<br><\/p>\n\n\n\n<p>La alcaldesa recalc\u00f3 que la colocaci\u00f3n de ofrendas combina pr\u00e1cticas ancestrales con elementos religiosos, mismos que colaboran en la creencia actual, as\u00ed como en la tradici\u00f3n y significado que se le da a la muerte. Adem\u00e1s, recalc\u00f3 que el objetivo de este festejo es \u00e9l recate de las tradiciones principales, evitando elementos que las contaminan.<br><\/p>\n\n\n\n<p>Mencion\u00f3 que este a\u00f1o Iztapalapa ha preparado una festividad para rescatar las tradiciones y reforzar los lazos comunitarios, la cual incluye m\u00fasica, danza y sabor. Adelant\u00f3 tambi\u00e9n que el viernes 1 de noviembre se llevar\u00e1 a cabo un sendero de aromas, sonidos y sabores a partir de las 6 de la tarde en el Cerro de la Estrella.<br><\/p>\n\n\n\n<p>El Kiosco del jard\u00edn Cuitl\u00e1huac tambi\u00e9n ser\u00e1 un foro para la cultura, ya que ah\u00ed se presentar\u00e1n grupos musicales. Aunado a ello, explic\u00f3 que los panteones ya est\u00e1n listos para recibir a todas las personas que quieran visitar las tumbas de sus seres queridos, por lo que invit\u00f3 a la poblaci\u00f3n a ser parte de este gran evento lleno de tradici\u00f3n.<\/p>\n","protected":false},"excerpt":{"rendered":"<p>La alcaldesa se mostr\u00f3 muy contenta de compartir este festejo un a\u00f1o m\u00e1s, buscando preservar las tradiciones y costumbres. La alcaldesa de Iztapalapa, Aleida Alavez, con motivo de las celebraciones por el D\u00eda de Muertos inaugur\u00f3 la tradicional Mega Ofrenda en la Macroplaza. Alavez se\u00f1al\u00f3 que este es el momento c\u00faspide de la festividad, ya [&hellip;]<\/p>\n","protected":false},"author":1,"featured_media":67898,"comment_status":"closed","ping_status":"closed","sticky":false,"template":"","format":"standard","meta":{"footnotes":""},"categories":[35,30],"tags":[],"class_list":["post-67897","post","type-post","status-publish","format-standard","has-post-thumbnail","hentry","category-cdmx","category-destacado"],"_links":{"self":[{"href":"https:\/\/elinformante.mx\/index.php?rest_route=\/wp\/v2\/posts\/67897","targetHints":{"allow":["GET"]}}],"collection":[{"href":"https:\/\/elinformante.mx\/index.php?rest_route=\/wp\/v2\/posts"}],"about":[{"href":"https:\/\/elinformante.mx\/index.php?rest_route=\/wp\/v2\/types\/post"}],"author":[{"embeddable":true,"href":"https:\/\/elinformante.mx\/index.php?rest_route=\/wp\/v2\/users\/1"}],"replies":[{"embeddable":true,"href":"https:\/\/elinformante.mx\/index.php?rest_route=%2Fwp%2Fv2%2Fcomments&post=67897"}],"version-history":[{"count":0,"href":"https:\/\/elinformante.mx\/index.php?rest_route=\/wp\/v2\/posts\/67897\/revisions"}],"wp:featuredmedia":[{"embeddable":true,"href":"https:\/\/elinformante.mx\/index.php?rest_route=\/wp\/v2\/media\/67898"}],"wp:attachment":[{"href":"https:\/\/elinformante.mx\/index.php?rest_route=%2Fwp%2Fv2%2Fmedia&parent=67897"}],"wp:term":[{"taxonomy":"category","embeddable":true,"href":"https:\/\/elinformante.mx\/index.php?rest_route=%2Fwp%2Fv2%2Fcategories&post=67897"},{"taxonomy":"post_tag","embeddable":true,"href":"https:\/\/elinformante.mx\/index.php?rest_route=%2Fwp%2Fv2%2Ftags&post=67897"}],"curies":[{"name":"wp","href":"https:\/\/api.w.org\/{rel}","templated":true}]}}