{"id":67904,"date":"2024-10-31T07:01:45","date_gmt":"2024-10-31T13:01:45","guid":{"rendered":"https:\/\/elinformante.mx\/?p=67904"},"modified":"2024-10-31T07:01:46","modified_gmt":"2024-10-31T13:01:46","slug":"clara-brugada-encabeza-encendido-de-ofrenda-monumental-en-el-zocalo","status":"publish","type":"post","link":"https:\/\/elinformante.mx\/?p=67904","title":{"rendered":"Clara Brugada encabeza encendido de Ofrenda Monumental en el Z\u00f3calo"},"content":{"rendered":"\n<blockquote class=\"wp-block-quote is-layout-flow wp-block-quote-is-layout-flow\">\n<p>La jefa de gobierno hizo la invitaci\u00f3n a disfrutar de esta ofrenda que estar\u00e1 hasta el 3 de noviembre.<\/p>\n<\/blockquote>\n\n\n\n<p>La jefa de Gobierno de la Ciudad de M\u00e9xico, Clara Brugada, inaugur\u00f3 el encendido de la Ofrenda Monumental de D\u00eda de Muertos en el coraz\u00f3n del Z\u00f3calo. Brugada invit\u00f3 a los presentes a recordar el valor del D\u00eda de Muertos, una tradici\u00f3n enraizada en la cultura mexicana que honra a los seres queridos que ya no est\u00e1n.<br><\/p>\n\n\n\n<p>Durante su discurso mencion\u00f3 que es importante recordar, reflexionar y celebrar la vida de nuestros seres queridos que ya no est\u00e1n\u201d, a\u00f1adi\u00f3 que la ofrenda adem\u00e1s de ser un espacio de recuerdo, tambi\u00e9n es de convivencia y de comunidad.<br><\/p>\n\n\n\n<p>La ofrenda fue montada por el colectivo Xibalb\u00e1, y se presenta como un homenaje a esta tradici\u00f3n que trasciende generaciones. Seg\u00fan explic\u00f3, el D\u00eda de Muertos no solo se vive en los altares familiares, sino tambi\u00e9n en el espacio p\u00fablico.<br><\/p>\n\n\n\n<p>La ofrenda cuenta con 21 piezas de cartoner\u00eda monumental, adem\u00e1s de una ofrenda principal de 17 metros de altura, un espejo de agua de m\u00e1s de 200 metros cuadrados, dos trajineras, una chinampa y un jard\u00edn adornado con 10 mil flores de cempas\u00fachil.<br><\/p>\n\n\n\n<p>Esta monumental instalaci\u00f3n combina los talentos de cartoneros, escultores, y artistas pl\u00e1sticos de diversos puntos de la ciudad, principalmente de Xochimilco e Iztapalapa. Una enorme muestra de la colaboraci\u00f3n entre artistas y profesionales de m\u00faltiples disciplinas, incluyendo arquitectos e ingenieros, quienes, a trav\u00e9s de t\u00e9cnicas modernas y saberes tradicionales, crearon un espect\u00e1culo visual que honra el alma del D\u00eda de Muertos.<br><\/p>\n\n\n\n<figure class=\"wp-block-image size-large\"><img fetchpriority=\"high\" decoding=\"async\" width=\"1024\" height=\"503\" src=\"https:\/\/elinformante.mx\/wp-content\/uploads\/2024\/10\/5clara-10-1024x503.jpg\" alt=\"\" class=\"wp-image-67906\" srcset=\"https:\/\/elinformante.mx\/wp-content\/uploads\/2024\/10\/5clara-10-1024x503.jpg 1024w, https:\/\/elinformante.mx\/wp-content\/uploads\/2024\/10\/5clara-10-300x147.jpg 300w, https:\/\/elinformante.mx\/wp-content\/uploads\/2024\/10\/5clara-10-768x377.jpg 768w, https:\/\/elinformante.mx\/wp-content\/uploads\/2024\/10\/5clara-10-580x285.jpg 580w, https:\/\/elinformante.mx\/wp-content\/uploads\/2024\/10\/5clara-10-860x422.jpg 860w, https:\/\/elinformante.mx\/wp-content\/uploads\/2024\/10\/5clara-10.jpg 1140w\" sizes=\"(max-width: 1024px) 100vw, 1024px\" \/><\/figure>\n\n\n\n<p>La jefa de Gobierno destac\u00f3 que esta ofrenda monumental es un \u201chomenaje a la cultura popular y a la riqueza art\u00edstica de la ciudad\u201d, agradeciendo a los cientos de personas que trabajaron en su construcci\u00f3n y montaje.<br><\/p>\n\n\n\n<p>Los edificios hist\u00f3ricos que enmarcan la plaza tambi\u00e9n forman parte de la ambientaci\u00f3n nocturna, reforzando el esp\u00edritu de la celebraci\u00f3n y realzando cada rinc\u00f3n del centro hist\u00f3rico. Brugada expres\u00f3 su gratitud a los trabajadores de Obras y a la Secretar\u00eda de Cultura, quienes, con su dedicaci\u00f3n, hicieron posible una celebraci\u00f3n de gran magnitud.<br><\/p>\n\n\n\n<p>Clara Brugada subray\u00f3 que la Ofrenda Monumental del Z\u00f3calo se ha convertido en un punto de atracci\u00f3n que el a\u00f1o pasado recibi\u00f3 a m\u00e1s de un mill\u00f3n de personas. Con la esperanza de superar esa cifra en esta ocasi\u00f3n, la mandataria extendi\u00f3 una invitaci\u00f3n a todas las personas, tanto habitantes de la ciudad como visitantes nacionales e internacionales, a disfrutar de la ofrenda monumental.<br><\/p>\n\n\n\n<p>La monumental ofrenda es una obra de arte que invita a los asistentes a sumergirse en las tradiciones mexicanas y a celebrar en un espacio p\u00fablico que ha sido transformado en un altar vibrante y colorido. Al mismo tiempo, la instalaci\u00f3n rinde homenaje al arte y la cultura, uniendo a los mexicanos en torno a una de las festividades m\u00e1s importantes de su herencia cultural.<br><\/p>\n\n\n\n<p>Clara Brugada reconoci\u00f3 a todos los trabajadores de cultura, de Obras y a los artistas que con su dedicaci\u00f3n han hecho posible que el centro de la ciudad se vista de tradici\u00f3n, arte y color en esta temporada de D\u00eda de Muertos.<br><\/p>\n\n\n\n<p>La ofrenda estar\u00e1 abierta al p\u00fablico hasta el 3 de noviembre, permitiendo que habitantes y visitantes disfruten de una celebraci\u00f3n que combina lo ancestral y lo contempor\u00e1neo, en el coraz\u00f3n de la Ciudad de M\u00e9xico.<\/p>\n","protected":false},"excerpt":{"rendered":"<p>La jefa de gobierno hizo la invitaci\u00f3n a disfrutar de esta ofrenda que estar\u00e1 hasta el 3 de noviembre. La jefa de Gobierno de la Ciudad de M\u00e9xico, Clara Brugada, inaugur\u00f3 el encendido de la Ofrenda Monumental de D\u00eda de Muertos en el coraz\u00f3n del Z\u00f3calo. Brugada invit\u00f3 a los presentes a recordar el valor [&hellip;]<\/p>\n","protected":false},"author":1,"featured_media":67905,"comment_status":"closed","ping_status":"closed","sticky":false,"template":"","format":"standard","meta":{"footnotes":""},"categories":[35,30],"tags":[],"class_list":["post-67904","post","type-post","status-publish","format-standard","has-post-thumbnail","hentry","category-cdmx","category-destacado"],"_links":{"self":[{"href":"https:\/\/elinformante.mx\/index.php?rest_route=\/wp\/v2\/posts\/67904","targetHints":{"allow":["GET"]}}],"collection":[{"href":"https:\/\/elinformante.mx\/index.php?rest_route=\/wp\/v2\/posts"}],"about":[{"href":"https:\/\/elinformante.mx\/index.php?rest_route=\/wp\/v2\/types\/post"}],"author":[{"embeddable":true,"href":"https:\/\/elinformante.mx\/index.php?rest_route=\/wp\/v2\/users\/1"}],"replies":[{"embeddable":true,"href":"https:\/\/elinformante.mx\/index.php?rest_route=%2Fwp%2Fv2%2Fcomments&post=67904"}],"version-history":[{"count":0,"href":"https:\/\/elinformante.mx\/index.php?rest_route=\/wp\/v2\/posts\/67904\/revisions"}],"wp:featuredmedia":[{"embeddable":true,"href":"https:\/\/elinformante.mx\/index.php?rest_route=\/wp\/v2\/media\/67905"}],"wp:attachment":[{"href":"https:\/\/elinformante.mx\/index.php?rest_route=%2Fwp%2Fv2%2Fmedia&parent=67904"}],"wp:term":[{"taxonomy":"category","embeddable":true,"href":"https:\/\/elinformante.mx\/index.php?rest_route=%2Fwp%2Fv2%2Fcategories&post=67904"},{"taxonomy":"post_tag","embeddable":true,"href":"https:\/\/elinformante.mx\/index.php?rest_route=%2Fwp%2Fv2%2Ftags&post=67904"}],"curies":[{"name":"wp","href":"https:\/\/api.w.org\/{rel}","templated":true}]}}