{"id":67908,"date":"2024-10-31T07:06:10","date_gmt":"2024-10-31T13:06:10","guid":{"rendered":"https:\/\/elinformante.mx\/?p=67908"},"modified":"2024-10-31T07:06:11","modified_gmt":"2024-10-31T13:06:11","slug":"recibe-el-senado-renuncia-de-integrantes-de-la-scjn","status":"publish","type":"post","link":"https:\/\/elinformante.mx\/?p=67908","title":{"rendered":"Recibe el Senado renuncia de integrantes de la SCJN"},"content":{"rendered":"\n<blockquote class=\"wp-block-quote is-layout-flow wp-block-quote-is-layout-flow\">\n<p>Se trata de ocho de los 11 ministros de la Suprema Corte de Justicia de la Naci\u00f3n<\/p>\n<\/blockquote>\n\n\n\n<p>El presidente de la Mesa Directiva, Gerardo Fern\u00e1ndez Noro\u00f1a, notific\u00f3 al pleno del Senado que se recibieron las declinaciones y renuncias de ocho de las y los 11 ministros de la Suprema Corte de Justicia de la Naci\u00f3n (SCJN), mismas que son efectivas a partir del \u00faltimo d\u00eda de agosto de 2025.<br><\/p>\n\n\n\n<p>Fern\u00e1ndez Noro\u00f1a especific\u00f3 que las renuncias son de la ministra presidenta de la SCJN, Norma Luc\u00eda Pi\u00f1a Hern\u00e1ndez; de la ministra Margarita R\u00edos Farjat, as\u00ed como de los ministros Alfredo Guti\u00e9rrez Ortiz Mena, Juan Luis Gonz\u00e1lez Alc\u00e1ntara, Luis Mar\u00eda Aguilar Morales, Jorge Mario Pardo Rebolledo, Javier Laynez Potisek y Alberto P\u00e9rez Day\u00e1n.<br><\/p>\n\n\n\n<p>El presidente de la Junta de Coordinaci\u00f3n Pol\u00edtica, Ad\u00e1n Augusto L\u00f3pez Hern\u00e1ndez, agradeci\u00f3 a Fern\u00e1ndez Noro\u00f1a comunicar las renuncias de las y los ministros, y le pidi\u00f3 no entrar en debate sobre el tema, toda vez que en su momento se har\u00e1 del conocimiento el contenido de las renuncias.<br><\/p>\n\n\n\n<p>El senador Ricardo Anaya Cort\u00e9s, del PAN, hizo un llamado respetuoso y en\u00e9rgico para que se deje de \u201camenazar\u201d con quitarles su haber de retiro o con no aceptarles su declinaci\u00f3n a las ministras y a los ministros que decidieron renunciar, cuando est\u00e1 establecido en la Constituci\u00f3n, espec\u00edficamente, en dos art\u00edculos transitorios aprobados por la mayor\u00eda.<br><\/p>\n\n\n\n<p>Gerardo Fern\u00e1ndez Noro\u00f1a, afirm\u00f3 que no conoce de amenaza alguna a ministras o ministros, pero de ser el caso deber\u00edan de presentar la denuncia pertinente, pues el texto constitucional se\u00f1ala que hoy se cumple el plazo para que ellos puedan presentar su renuncia o declinaci\u00f3n para participar en la elecci\u00f3n de 2025, lo que les da derecho a su haber de retiro.<br><\/p>\n\n\n\n<p>Manuel A\u00f1orve Ba\u00f1os, coordinador del Grupo Parlamentario del PRI, refiri\u00f3 que recibieron un oficio en la Junta de Coordinaci\u00f3n Pol\u00edtica de cuatro magistradas en situaci\u00f3n de maternidad, las cuales solicitan que se les atienda, ya que queda en el \u201climbo\u201d su circunstancia legal al no poder participar en la elecci\u00f3n de 2025 ni en la de 2027.<br><\/p>\n\n\n\n<p>Fern\u00e1ndez Noro\u00f1a respondi\u00f3 que les han llegado varios casos en la misma situaci\u00f3n, pero que al no ser notificados con anterioridad por el Consejo de la Judicatura, es decir antes del sorteo, el Senado \u201cya no tiene posibilidades\u201d de actuar, por lo que es posible que el tema deba ser atendido por el Tribunal Electoral del Poder Judicial de la Federaci\u00f3n (TEPJF), ya que no se decidieron destinos personales, sino plazas a elecci\u00f3n, pero que sin duda les dar\u00e1n una respuesta formal.<br><\/p>\n\n\n\n<p>La senadora Carolina Viggiano Austria, del PRI, solicit\u00f3 a la Mesa Directiva que reciba las cartas de renuncia de todas las personas juzgadoras que as\u00ed lo decidieron, pues muchas de ellas no lo pueden hacer personalmente y env\u00edan a personas autorizadas por ellas y ellos mismos. Sobre esto Fern\u00e1ndez Noro\u00f1a dijo que la Mesa tiene la instrucci\u00f3n de recibir todas las declinaciones sin trato diferenciado.<\/p>\n","protected":false},"excerpt":{"rendered":"<p>Se trata de ocho de los 11 ministros de la Suprema Corte de Justicia de la Naci\u00f3n El presidente de la Mesa Directiva, Gerardo Fern\u00e1ndez Noro\u00f1a, notific\u00f3 al pleno del Senado que se recibieron las declinaciones y renuncias de ocho de las y los 11 ministros de la Suprema Corte de Justicia de la Naci\u00f3n [&hellip;]<\/p>\n","protected":false},"author":1,"featured_media":67909,"comment_status":"closed","ping_status":"closed","sticky":false,"template":"","format":"standard","meta":{"footnotes":""},"categories":[34],"tags":[],"class_list":["post-67908","post","type-post","status-publish","format-standard","has-post-thumbnail","hentry","category-nacional"],"_links":{"self":[{"href":"https:\/\/elinformante.mx\/index.php?rest_route=\/wp\/v2\/posts\/67908","targetHints":{"allow":["GET"]}}],"collection":[{"href":"https:\/\/elinformante.mx\/index.php?rest_route=\/wp\/v2\/posts"}],"about":[{"href":"https:\/\/elinformante.mx\/index.php?rest_route=\/wp\/v2\/types\/post"}],"author":[{"embeddable":true,"href":"https:\/\/elinformante.mx\/index.php?rest_route=\/wp\/v2\/users\/1"}],"replies":[{"embeddable":true,"href":"https:\/\/elinformante.mx\/index.php?rest_route=%2Fwp%2Fv2%2Fcomments&post=67908"}],"version-history":[{"count":0,"href":"https:\/\/elinformante.mx\/index.php?rest_route=\/wp\/v2\/posts\/67908\/revisions"}],"wp:featuredmedia":[{"embeddable":true,"href":"https:\/\/elinformante.mx\/index.php?rest_route=\/wp\/v2\/media\/67909"}],"wp:attachment":[{"href":"https:\/\/elinformante.mx\/index.php?rest_route=%2Fwp%2Fv2%2Fmedia&parent=67908"}],"wp:term":[{"taxonomy":"category","embeddable":true,"href":"https:\/\/elinformante.mx\/index.php?rest_route=%2Fwp%2Fv2%2Fcategories&post=67908"},{"taxonomy":"post_tag","embeddable":true,"href":"https:\/\/elinformante.mx\/index.php?rest_route=%2Fwp%2Fv2%2Ftags&post=67908"}],"curies":[{"name":"wp","href":"https:\/\/api.w.org\/{rel}","templated":true}]}}