{"id":67914,"date":"2024-10-31T07:13:04","date_gmt":"2024-10-31T13:13:04","guid":{"rendered":"https:\/\/elinformante.mx\/?p=67914"},"modified":"2024-10-31T07:13:06","modified_gmt":"2024-10-31T13:13:06","slug":"fiscalia-de-queretaro-retira-denuncia-contra-esmeralda","status":"publish","type":"post","link":"https:\/\/elinformante.mx\/?p=67914","title":{"rendered":"Fiscal\u00eda de Quer\u00e9taro retira denuncia contra Esmeralda"},"content":{"rendered":"\n<blockquote class=\"wp-block-quote is-layout-flow wp-block-quote-is-layout-flow\">\n<p>Adem\u00e1s afirmaron que se dar\u00e1 seguimiento para que su desarrollo sea en paz, con bienestar, en la escuela y so\u00f1ando un futuro mejor.<\/p>\n<\/blockquote>\n\n\n\n<p>Fue Citlalli Hern\u00e1ndez, la titular de la Secretar\u00eda de Mujeres, qui\u00e9n inform\u00f3 que la Fiscal\u00eda de Quer\u00e9taro retir\u00f3 toda acci\u00f3n penal contra Esmeralda, la ni\u00f1a de 14 a\u00f1os que fue acusada de homicidio doloso tras sufrir un aborto espont\u00e1neo.<br><\/p>\n\n\n\n<p>Tras reunirse con el fiscal de Quer\u00e9taro, V\u00edctor Antonio Jes\u00fas Hern\u00e1ndez, en mesas de trabajo, la Fiscal\u00eda estatal present\u00f3 el desistimiento de toda acci\u00f3n penal contra Esmeralda.<br><\/p>\n\n\n\n<p>Adem\u00e1s asegur\u00f3 que tanto el gobierno de M\u00e9xico como el estatal brindar\u00e1n acompa\u00f1amiento a Esmeralda \u201cpara que la reparaci\u00f3n y no repetici\u00f3n sea lo que predomine en el caso\u201d; adem\u00e1s brindar\u00e1n seguimiento para que su desarrollo sea en paz, con bienestar, en la escuela y so\u00f1ando un futuro mejor.<br><\/p>\n\n\n\n<p>Tras la denuncia que hizo la colectiva Adax Digitales cuando inform\u00f3 que la Fiscal\u00eda de Quer\u00e9taro acus\u00f3 de homicidio calificado a una ni\u00f1a de 14 a\u00f1os que sufri\u00f3 un aborto involuntario y que result\u00f3 embarazada tras una violaci\u00f3n presuntamente cometida por uno de sus familiares, tres a\u00f1os mayor que ella, la dependencia pidi\u00f3 para Esmeralda una pena de tres a\u00f1os de c\u00e1rcel en el Centro de Reinserci\u00f3n Social para Adolescentes.<br><\/p>\n\n\n\n<p>Mayra D\u00e1vila, presidenta de Adax Digitales, dijo a medios locales que durante la audiencia intermedia, la Fiscal\u00eda pidi\u00f3 518 mil pesos por reparaci\u00f3n del da\u00f1o para el presunto agresor, ya que fue acreditada su paternidad con una prueba, pese a que en su declaraci\u00f3n neg\u00f3 los hechos.<br><\/p>\n\n\n\n<p>El fiscal de Quer\u00e9taro afirm\u00f3 que el proceso era por homicidio, pues hab\u00eda un dictamen pericial que indicaba que el beb\u00e9 s\u00ed hab\u00eda nacido, hab\u00eda respirado y posteriormente fue asfixiado. Sin embargo, ya se dio \u00e9l anunci\u00f3 que se prioriz\u00f3 el bienestar de la menor, por lo cual se retir\u00f3 la denuncia.<br><\/p>\n\n\n\n<p>Asimismo, Citlalli Hern\u00e1ndez se\u00f1al\u00f3 que se firmar\u00e1 un convenio de colaboraci\u00f3n para capacitar a personal de la Fiscal\u00eda General del Estado de Quer\u00e9taro con el objetivo de que realicen su labor con perspectiva de g\u00e9nero.<br><\/p>\n\n\n\n<p>Tambi\u00e9n se investigar\u00e1n a los servidores p\u00fablicos involucrados en el caso de la menor de 14 a\u00f1os y que hayan cometido alguna falla u omisi\u00f3n.<\/p>\n","protected":false},"excerpt":{"rendered":"<p>Adem\u00e1s afirmaron que se dar\u00e1 seguimiento para que su desarrollo sea en paz, con bienestar, en la escuela y so\u00f1ando un futuro mejor. Fue Citlalli Hern\u00e1ndez, la titular de la Secretar\u00eda de Mujeres, qui\u00e9n inform\u00f3 que la Fiscal\u00eda de Quer\u00e9taro retir\u00f3 toda acci\u00f3n penal contra Esmeralda, la ni\u00f1a de 14 a\u00f1os que fue acusada de [&hellip;]<\/p>\n","protected":false},"author":1,"featured_media":67915,"comment_status":"closed","ping_status":"closed","sticky":false,"template":"","format":"standard","meta":{"footnotes":""},"categories":[34],"tags":[],"class_list":["post-67914","post","type-post","status-publish","format-standard","has-post-thumbnail","hentry","category-nacional"],"_links":{"self":[{"href":"https:\/\/elinformante.mx\/index.php?rest_route=\/wp\/v2\/posts\/67914","targetHints":{"allow":["GET"]}}],"collection":[{"href":"https:\/\/elinformante.mx\/index.php?rest_route=\/wp\/v2\/posts"}],"about":[{"href":"https:\/\/elinformante.mx\/index.php?rest_route=\/wp\/v2\/types\/post"}],"author":[{"embeddable":true,"href":"https:\/\/elinformante.mx\/index.php?rest_route=\/wp\/v2\/users\/1"}],"replies":[{"embeddable":true,"href":"https:\/\/elinformante.mx\/index.php?rest_route=%2Fwp%2Fv2%2Fcomments&post=67914"}],"version-history":[{"count":0,"href":"https:\/\/elinformante.mx\/index.php?rest_route=\/wp\/v2\/posts\/67914\/revisions"}],"wp:featuredmedia":[{"embeddable":true,"href":"https:\/\/elinformante.mx\/index.php?rest_route=\/wp\/v2\/media\/67915"}],"wp:attachment":[{"href":"https:\/\/elinformante.mx\/index.php?rest_route=%2Fwp%2Fv2%2Fmedia&parent=67914"}],"wp:term":[{"taxonomy":"category","embeddable":true,"href":"https:\/\/elinformante.mx\/index.php?rest_route=%2Fwp%2Fv2%2Fcategories&post=67914"},{"taxonomy":"post_tag","embeddable":true,"href":"https:\/\/elinformante.mx\/index.php?rest_route=%2Fwp%2Fv2%2Ftags&post=67914"}],"curies":[{"name":"wp","href":"https:\/\/api.w.org\/{rel}","templated":true}]}}