{"id":67917,"date":"2024-10-31T07:19:10","date_gmt":"2024-10-31T13:19:10","guid":{"rendered":"https:\/\/elinformante.mx\/?p=67917"},"modified":"2024-10-31T07:19:11","modified_gmt":"2024-10-31T13:19:11","slug":"mara-lezama-da-inicio-a-janal-pixan-2024-en-chetumal","status":"publish","type":"post","link":"https:\/\/elinformante.mx\/?p=67917","title":{"rendered":"Mara Lezama da inicio a \u201cJanal Pixan 2024\u201d en Chetumal"},"content":{"rendered":"\n<blockquote class=\"wp-block-quote is-layout-flow wp-block-quote-is-layout-flow\">\n<p>Las familias locales, as\u00ed como visitantes y turistas, podr\u00e1n apreciar desde el 30 de octubre hasta el 2 de noviembre la exhibici\u00f3n de altares.<\/p>\n<\/blockquote>\n\n\n\n<p>Con el objetivo de preservar las tradiciones culturales y costumbres quintanarroenses, la gobernadora Mara Lezama Espinosa particip\u00f3 en las actividades relacionadas con el \u201cJanal Pixan 2024\u201d, acompa\u00f1ada de la presidenta honoraria del Sistema DIF Quintana Roo, Ver\u00f3nica Lezama Espinosa.<br><\/p>\n\n\n\n<p>Las actividades de este d\u00eda iniciaron con el Paseo de las \u00c1nimas, que parti\u00f3 del Congreso del Estado hasta llegar a la Plaza C\u00edvica del Palacio de Gobierno, en donde se efectuaron actividades como rezo en maya, ballet folcl\u00f3rico del ICA, exhibici\u00f3n de altares de M\u00e9xico y degustaci\u00f3n de alimentos t\u00edpicos.<br><\/p>\n\n\n\n<p>La gobernadora recorri\u00f3 los diversos stands, pero principalmente convivi\u00f3 con la gente, estuvo con las personas, las escuch\u00f3, mir\u00f3 de frente y caminaron juntas para disfrutar de este evento popular.<br><\/p>\n\n\n\n<p>Mara Lezama destac\u00f3 que estas representaciones culturales, costumbres y tradiciones, se realizan apegadas a la identidad viva de todas y todos los quintanarroenses, misma que se robustece con el Nuevo Acuerdo por el Bienestar y Desarrollo de Quintana Roo en el que las personas est\u00e1n en el centro de las pol\u00edticas p\u00fablicas de este gobierno humanista con coraz\u00f3n feminista.<br><\/p>\n\n\n\n<figure class=\"wp-block-image size-large\"><img fetchpriority=\"high\" decoding=\"async\" width=\"1024\" height=\"503\" src=\"https:\/\/elinformante.mx\/wp-content\/uploads\/2024\/10\/4quinta-3-1024x503.jpg\" alt=\"\" class=\"wp-image-67919\" srcset=\"https:\/\/elinformante.mx\/wp-content\/uploads\/2024\/10\/4quinta-3-1024x503.jpg 1024w, https:\/\/elinformante.mx\/wp-content\/uploads\/2024\/10\/4quinta-3-300x147.jpg 300w, https:\/\/elinformante.mx\/wp-content\/uploads\/2024\/10\/4quinta-3-768x377.jpg 768w, https:\/\/elinformante.mx\/wp-content\/uploads\/2024\/10\/4quinta-3-580x285.jpg 580w, https:\/\/elinformante.mx\/wp-content\/uploads\/2024\/10\/4quinta-3-860x422.jpg 860w, https:\/\/elinformante.mx\/wp-content\/uploads\/2024\/10\/4quinta-3.jpg 1140w\" sizes=\"(max-width: 1024px) 100vw, 1024px\" \/><\/figure>\n\n\n\n<p>\u201cEn este Janal Pix\u00e1n, en el que nos reunimos para celebrar el ciclo de la vida y el misterio del m\u00e1s all\u00e1, abrimos nuestro coraz\u00f3n a nuestros seres queridos que, aunque se nos adelantaron, jam\u00e1s se han ido ni se ir\u00e1n jam\u00e1s mientras permanezca su recuerdo en nuestra memoria\u201d expres\u00f3 la Gobernadora.<br><\/p>\n\n\n\n<p>La presidenta del DIF estatal, Ver\u00f3nica Lezama Espinosa mencion\u00f3 que a trav\u00e9s del Sistema DIF se promueven los valores de convivencia y tradici\u00f3n, que sin duda une a las familias y defiende la cultura del pa\u00eds y de Quintana Roo.<br><\/p>\n\n\n\n<p>Durante la festividad del \u201cJanal Pixan 2024\u201d, estar\u00e1n en exhibici\u00f3n altares representativos de 32 estados de la rep\u00fablica mexicana, la participaci\u00f3n de Expo-Artesanos, la presentaci\u00f3n de actividades art\u00edsticas y culturales, que se realizan en colaboraci\u00f3n con el Instituto para la Cultura y las Artes del estado, dependencias de gobierno y la secretar\u00eda de Finanzas y Planeaci\u00f3n (SEFIPLAN).<br><\/p>\n\n\n\n<p>En el desfile \u201cPaseo de las \u00c1nimas\u201d se cont\u00f3 con la participaci\u00f3n de estudiantes de diversas instituciones como CONALEP, COBAQROO, ciudadanos, voluntarias y voluntarios, as\u00ed como autoridades del DIF Quintana Roo, dependencias de gobierno y del Ayuntamiento de Oth\u00f3n P. Blanco.<\/p>\n","protected":false},"excerpt":{"rendered":"<p>Las familias locales, as\u00ed como visitantes y turistas, podr\u00e1n apreciar desde el 30 de octubre hasta el 2 de noviembre la exhibici\u00f3n de altares. Con el objetivo de preservar las tradiciones culturales y costumbres quintanarroenses, la gobernadora Mara Lezama Espinosa particip\u00f3 en las actividades relacionadas con el \u201cJanal Pixan 2024\u201d, acompa\u00f1ada de la presidenta honoraria [&hellip;]<\/p>\n","protected":false},"author":1,"featured_media":67918,"comment_status":"closed","ping_status":"closed","sticky":false,"template":"","format":"standard","meta":{"footnotes":""},"categories":[30,34],"tags":[],"class_list":["post-67917","post","type-post","status-publish","format-standard","has-post-thumbnail","hentry","category-destacado","category-nacional"],"_links":{"self":[{"href":"https:\/\/elinformante.mx\/index.php?rest_route=\/wp\/v2\/posts\/67917","targetHints":{"allow":["GET"]}}],"collection":[{"href":"https:\/\/elinformante.mx\/index.php?rest_route=\/wp\/v2\/posts"}],"about":[{"href":"https:\/\/elinformante.mx\/index.php?rest_route=\/wp\/v2\/types\/post"}],"author":[{"embeddable":true,"href":"https:\/\/elinformante.mx\/index.php?rest_route=\/wp\/v2\/users\/1"}],"replies":[{"embeddable":true,"href":"https:\/\/elinformante.mx\/index.php?rest_route=%2Fwp%2Fv2%2Fcomments&post=67917"}],"version-history":[{"count":0,"href":"https:\/\/elinformante.mx\/index.php?rest_route=\/wp\/v2\/posts\/67917\/revisions"}],"wp:featuredmedia":[{"embeddable":true,"href":"https:\/\/elinformante.mx\/index.php?rest_route=\/wp\/v2\/media\/67918"}],"wp:attachment":[{"href":"https:\/\/elinformante.mx\/index.php?rest_route=%2Fwp%2Fv2%2Fmedia&parent=67917"}],"wp:term":[{"taxonomy":"category","embeddable":true,"href":"https:\/\/elinformante.mx\/index.php?rest_route=%2Fwp%2Fv2%2Fcategories&post=67917"},{"taxonomy":"post_tag","embeddable":true,"href":"https:\/\/elinformante.mx\/index.php?rest_route=%2Fwp%2Fv2%2Ftags&post=67917"}],"curies":[{"name":"wp","href":"https:\/\/api.w.org\/{rel}","templated":true}]}}