{"id":67924,"date":"2024-10-31T07:25:48","date_gmt":"2024-10-31T13:25:48","guid":{"rendered":"https:\/\/elinformante.mx\/?p=67924"},"modified":"2024-10-31T07:25:49","modified_gmt":"2024-10-31T13:25:49","slug":"cfe-y-pemex-volveran-a-pertenecer-al-pueblo-de-mexico-sheinbaum","status":"publish","type":"post","link":"https:\/\/elinformante.mx\/?p=67924","title":{"rendered":"CFE Y PEMEX VOLVER\u00c1N A PERTENECER AL PUEBLO DE M\u00c9XICO: SHEINBAUM"},"content":{"rendered":"\n<blockquote class=\"wp-block-quote is-layout-flow wp-block-quote-is-layout-flow\">\n<p>Anunci\u00f3 que con la reforma energ\u00e9tica tambi\u00e9n se incorpora el litio como un \u00e1rea estrat\u00e9gica del Estado mexicano.<\/p>\n<\/blockquote>\n\n\n\n<p>La Presidenta Claudia Sheinbaum Pardo firm\u00f3 el decreto a trav\u00e9s del cual la Comisi\u00f3n Federal de Electricidad (CFE) y Petr\u00f3leos Mexicanos (Pemex) regresan a ser empresas del pueblo de M\u00e9xico, esto tras la reciente aprobaci\u00f3n de la reforma en materia energ\u00e9tica por la C\u00e1mara de Diputados, la de Senadores y la mayor\u00eda de los congresos locales.<br><\/p>\n\n\n\n<figure class=\"wp-block-image size-large\"><img fetchpriority=\"high\" decoding=\"async\" width=\"1024\" height=\"503\" src=\"https:\/\/elinformante.mx\/wp-content\/uploads\/2024\/10\/9claudia-1024x503.jpeg\" alt=\"\" class=\"wp-image-67926\" srcset=\"https:\/\/elinformante.mx\/wp-content\/uploads\/2024\/10\/9claudia-1024x503.jpeg 1024w, https:\/\/elinformante.mx\/wp-content\/uploads\/2024\/10\/9claudia-300x147.jpeg 300w, https:\/\/elinformante.mx\/wp-content\/uploads\/2024\/10\/9claudia-768x377.jpeg 768w, https:\/\/elinformante.mx\/wp-content\/uploads\/2024\/10\/9claudia-580x285.jpeg 580w, https:\/\/elinformante.mx\/wp-content\/uploads\/2024\/10\/9claudia-860x422.jpeg 860w, https:\/\/elinformante.mx\/wp-content\/uploads\/2024\/10\/9claudia.jpeg 1140w\" sizes=\"(max-width: 1024px) 100vw, 1024px\" \/><\/figure>\n\n\n\n<p>\u201cPemex y CFE regresan a ser empresas del pueblo de M\u00e9xico. Y nuestro compromiso de que van a ser empresas operadas eficientemente y que brindar\u00e1n servicios, combustibles y electricidad a precios accesibles para todas y para todos\u201d.<br><\/p>\n\n\n\n<p>Asegur\u00f3 que esta reforma es un eje estrat\u00e9gico para el desarrollo nacional, ya que Pemex y CFE dejan de ser consideradas empresas productivas del Estado, como lo planteaba la reforma del 2013 y vuelven a ser p\u00fablicas.<br><\/p>\n\n\n\n<figure class=\"wp-block-image size-large\"><img decoding=\"async\" width=\"1024\" height=\"503\" src=\"https:\/\/elinformante.mx\/wp-content\/uploads\/2024\/10\/9claudia-2-1024x503.jpeg\" alt=\"\" class=\"wp-image-67927\" srcset=\"https:\/\/elinformante.mx\/wp-content\/uploads\/2024\/10\/9claudia-2-1024x503.jpeg 1024w, https:\/\/elinformante.mx\/wp-content\/uploads\/2024\/10\/9claudia-2-300x147.jpeg 300w, https:\/\/elinformante.mx\/wp-content\/uploads\/2024\/10\/9claudia-2-768x377.jpeg 768w, https:\/\/elinformante.mx\/wp-content\/uploads\/2024\/10\/9claudia-2-580x285.jpeg 580w, https:\/\/elinformante.mx\/wp-content\/uploads\/2024\/10\/9claudia-2-860x422.jpeg 860w, https:\/\/elinformante.mx\/wp-content\/uploads\/2024\/10\/9claudia-2.jpeg 1140w\" sizes=\"(max-width: 1024px) 100vw, 1024px\" \/><\/figure>\n\n\n\n<p>\u201cEs importante que se sepa que hay un espacio tambi\u00e9n para la inversi\u00f3n privada, es decir, Pemex y CFE regresan a ser empresas p\u00fablicas del pueblo de M\u00e9xico y se mantiene un espacio para la inversi\u00f3n privada, que quedar\u00e1 establecido con orden, con certeza, en las leyes secundarias\u201d.<br><\/p>\n\n\n\n<p>La secretaria de Energ\u00eda, Luz Elena Gonz\u00e1lez Escobar subray\u00f3 que con la aprobaci\u00f3n de la reforma energ\u00e9tica en la que se modificaron los art\u00edculos 25, 27 y 28, se retoma por el Estado algo que nunca se debi\u00f3 de haber perdido.<br><\/p>\n\n\n\n<figure class=\"wp-block-image size-large\"><img decoding=\"async\" width=\"1024\" height=\"503\" src=\"https:\/\/elinformante.mx\/wp-content\/uploads\/2024\/10\/9claudia-4-1-1024x503.jpg\" alt=\"\" class=\"wp-image-67928\" srcset=\"https:\/\/elinformante.mx\/wp-content\/uploads\/2024\/10\/9claudia-4-1-1024x503.jpg 1024w, https:\/\/elinformante.mx\/wp-content\/uploads\/2024\/10\/9claudia-4-1-300x147.jpg 300w, https:\/\/elinformante.mx\/wp-content\/uploads\/2024\/10\/9claudia-4-1-768x377.jpg 768w, https:\/\/elinformante.mx\/wp-content\/uploads\/2024\/10\/9claudia-4-1-580x285.jpg 580w, https:\/\/elinformante.mx\/wp-content\/uploads\/2024\/10\/9claudia-4-1-860x422.jpg 860w, https:\/\/elinformante.mx\/wp-content\/uploads\/2024\/10\/9claudia-4-1.jpg 1140w\" sizes=\"(max-width: 1024px) 100vw, 1024px\" \/><\/figure>\n\n\n\n<p>Explic\u00f3 que, con la reforma del 2013, CFE y Pemex se convirtieron en empresas productivas que compet\u00edan entre s\u00ed, por lo que sus recursos que son parte fundamental de la soberan\u00eda nacional y energ\u00e9tica del pa\u00eds fueron una mercanc\u00eda, y con la iniciativa aprobada en este 2024 ambas empresas regresan a ser de Empresas P\u00fablicas del Estado, con lo que se les da prevalencia para la continuidad, seguridad y accesibilidad de todos los mexicanos a sus servicios.<br><\/p>\n\n\n\n<p>Anunci\u00f3 que con la reforma energ\u00e9tica, tambi\u00e9n se incorpora el litio como un \u00e1rea estrat\u00e9gica del Estado mexicano.<\/p>\n","protected":false},"excerpt":{"rendered":"<p>Anunci\u00f3 que con la reforma energ\u00e9tica tambi\u00e9n se incorpora el litio como un \u00e1rea estrat\u00e9gica del Estado mexicano. La Presidenta Claudia Sheinbaum Pardo firm\u00f3 el decreto a trav\u00e9s del cual la Comisi\u00f3n Federal de Electricidad (CFE) y Petr\u00f3leos Mexicanos (Pemex) regresan a ser empresas del pueblo de M\u00e9xico, esto tras la reciente aprobaci\u00f3n de la [&hellip;]<\/p>\n","protected":false},"author":1,"featured_media":67925,"comment_status":"closed","ping_status":"closed","sticky":false,"template":"","format":"standard","meta":{"footnotes":""},"categories":[30,34,31],"tags":[47],"class_list":["post-67924","post","type-post","status-publish","format-standard","has-post-thumbnail","hentry","category-destacado","category-nacional","category-portada","tag-portadanacional"],"_links":{"self":[{"href":"https:\/\/elinformante.mx\/index.php?rest_route=\/wp\/v2\/posts\/67924","targetHints":{"allow":["GET"]}}],"collection":[{"href":"https:\/\/elinformante.mx\/index.php?rest_route=\/wp\/v2\/posts"}],"about":[{"href":"https:\/\/elinformante.mx\/index.php?rest_route=\/wp\/v2\/types\/post"}],"author":[{"embeddable":true,"href":"https:\/\/elinformante.mx\/index.php?rest_route=\/wp\/v2\/users\/1"}],"replies":[{"embeddable":true,"href":"https:\/\/elinformante.mx\/index.php?rest_route=%2Fwp%2Fv2%2Fcomments&post=67924"}],"version-history":[{"count":0,"href":"https:\/\/elinformante.mx\/index.php?rest_route=\/wp\/v2\/posts\/67924\/revisions"}],"wp:featuredmedia":[{"embeddable":true,"href":"https:\/\/elinformante.mx\/index.php?rest_route=\/wp\/v2\/media\/67925"}],"wp:attachment":[{"href":"https:\/\/elinformante.mx\/index.php?rest_route=%2Fwp%2Fv2%2Fmedia&parent=67924"}],"wp:term":[{"taxonomy":"category","embeddable":true,"href":"https:\/\/elinformante.mx\/index.php?rest_route=%2Fwp%2Fv2%2Fcategories&post=67924"},{"taxonomy":"post_tag","embeddable":true,"href":"https:\/\/elinformante.mx\/index.php?rest_route=%2Fwp%2Fv2%2Ftags&post=67924"}],"curies":[{"name":"wp","href":"https:\/\/api.w.org\/{rel}","templated":true}]}}