{"id":68166,"date":"2024-11-06T05:55:09","date_gmt":"2024-11-06T11:55:09","guid":{"rendered":"https:\/\/elinformante.mx\/?p=68166"},"modified":"2024-11-06T05:55:11","modified_gmt":"2024-11-06T11:55:11","slug":"alejandro-sanz-y-candela-marquez-confirman-su-relacion","status":"publish","type":"post","link":"https:\/\/elinformante.mx\/?p=68166","title":{"rendered":"Alejandro Sanz y Candela M\u00e1rquez confirman su relaci\u00f3n"},"content":{"rendered":"\n<figure class=\"wp-block-pullquote\"><blockquote><p>La pareja grit\u00f3 a los cuatro vientos su amor mediante una rom\u00e1ntica foto.<\/p><\/blockquote><\/figure>\n\n\n\n<p class=\"has-drop-cap\">El cantante Alejandro Sanz y Candela M\u00e1rquez confirmaron su relaci\u00f3n a trav\u00e9s de una sutil, pero rom\u00e1ntica fotograf\u00eda que ambos compartieron en sus redes sociales.<br><\/p>\n\n\n\n<p>Despu\u00e9s de semanas de especulaciones y de mantener su relaci\u00f3n en bajo perfil, la pareja decidi\u00f3 gritar a los cuatro vientos su amor y hacer oficial su noviazgo.<br><\/p>\n\n\n\n<p>En la imagen, aparecen las manos del actor y de la actriz entrelazadas y, por si esto dejara algunas dudas, el espa\u00f1ol la acompa\u00f1\u00f3 por una tierna y contundente frase: \u201cAs\u00ed es como se agarra el amor\u201d.<br><\/p>\n\n\n\n<p>Candela, por su parte, tambi\u00e9n dedic\u00f3 unas emotivas palabras a Sanz, en las que dej\u00f3 m\u00e1s que claro que est\u00e1 profundamente enamorada y que, hasta ahora, la relaci\u00f3n va viento en popa:<br><\/p>\n\n\n\n<figure class=\"wp-block-image size-large\"><img fetchpriority=\"high\" decoding=\"async\" width=\"1024\" height=\"503\" src=\"https:\/\/elinformante.mx\/wp-content\/uploads\/2024\/11\/15alejandro-1024x503.jpg\" alt=\"\" class=\"wp-image-68168\" srcset=\"https:\/\/elinformante.mx\/wp-content\/uploads\/2024\/11\/15alejandro-1024x503.jpg 1024w, https:\/\/elinformante.mx\/wp-content\/uploads\/2024\/11\/15alejandro-300x147.jpg 300w, https:\/\/elinformante.mx\/wp-content\/uploads\/2024\/11\/15alejandro-768x377.jpg 768w, https:\/\/elinformante.mx\/wp-content\/uploads\/2024\/11\/15alejandro-580x285.jpg 580w, https:\/\/elinformante.mx\/wp-content\/uploads\/2024\/11\/15alejandro-860x422.jpg 860w, https:\/\/elinformante.mx\/wp-content\/uploads\/2024\/11\/15alejandro.jpg 1140w\" sizes=\"(max-width: 1024px) 100vw, 1024px\" \/><\/figure>\n\n\n\n<p>\u201cNo hay camino m\u00e1s bello si no es agarrada de tu mano\u201d, escribi\u00f3.<br><\/p>\n\n\n\n<p>La pareja fue vista por primera vez hace unos d\u00edas durante un partido de futbol en Miami, donde, adem\u00e1s, compartieron algunas palabras con David Beckham.<br><\/p>\n\n\n\n<p>Varios medios internacionales publicaron algunas fotograf\u00edas de los tortolitos caminando por la costa; incluso, revelaron que pasaron toda la tarde juntos y disfrutaron de una copa de vino.<br><\/p>\n\n\n\n<p>Lo que ha llamado la atenci\u00f3n de esta nueva pareja es la diferencia de edad que existe entre ambos, y es que, mientras el cantante espa\u00f1ol cumpli\u00f3 55 a\u00f1os, la actriz tiene 36.<\/p>\n","protected":false},"excerpt":{"rendered":"<p>La pareja grit\u00f3 a los cuatro vientos su amor mediante una rom\u00e1ntica foto. El cantante Alejandro Sanz y Candela M\u00e1rquez confirmaron su relaci\u00f3n a trav\u00e9s de una sutil, pero rom\u00e1ntica fotograf\u00eda que ambos compartieron en sus redes sociales. Despu\u00e9s de semanas de especulaciones y de mantener su relaci\u00f3n en bajo perfil, la pareja decidi\u00f3 gritar [&hellip;]<\/p>\n","protected":false},"author":1,"featured_media":68167,"comment_status":"closed","ping_status":"closed","sticky":false,"template":"","format":"standard","meta":{"footnotes":""},"categories":[39],"tags":[],"class_list":["post-68166","post","type-post","status-publish","format-standard","has-post-thumbnail","hentry","category-espectaculos"],"_links":{"self":[{"href":"https:\/\/elinformante.mx\/index.php?rest_route=\/wp\/v2\/posts\/68166","targetHints":{"allow":["GET"]}}],"collection":[{"href":"https:\/\/elinformante.mx\/index.php?rest_route=\/wp\/v2\/posts"}],"about":[{"href":"https:\/\/elinformante.mx\/index.php?rest_route=\/wp\/v2\/types\/post"}],"author":[{"embeddable":true,"href":"https:\/\/elinformante.mx\/index.php?rest_route=\/wp\/v2\/users\/1"}],"replies":[{"embeddable":true,"href":"https:\/\/elinformante.mx\/index.php?rest_route=%2Fwp%2Fv2%2Fcomments&post=68166"}],"version-history":[{"count":0,"href":"https:\/\/elinformante.mx\/index.php?rest_route=\/wp\/v2\/posts\/68166\/revisions"}],"wp:featuredmedia":[{"embeddable":true,"href":"https:\/\/elinformante.mx\/index.php?rest_route=\/wp\/v2\/media\/68167"}],"wp:attachment":[{"href":"https:\/\/elinformante.mx\/index.php?rest_route=%2Fwp%2Fv2%2Fmedia&parent=68166"}],"wp:term":[{"taxonomy":"category","embeddable":true,"href":"https:\/\/elinformante.mx\/index.php?rest_route=%2Fwp%2Fv2%2Fcategories&post=68166"},{"taxonomy":"post_tag","embeddable":true,"href":"https:\/\/elinformante.mx\/index.php?rest_route=%2Fwp%2Fv2%2Ftags&post=68166"}],"curies":[{"name":"wp","href":"https:\/\/api.w.org\/{rel}","templated":true}]}}