{"id":68170,"date":"2024-11-06T05:58:53","date_gmt":"2024-11-06T11:58:53","guid":{"rendered":"https:\/\/elinformante.mx\/?p=68170"},"modified":"2024-11-06T05:58:54","modified_gmt":"2024-11-06T11:58:54","slug":"residente-llega-a-mexico-con-su-tour-las-letras-ya-no-importan","status":"publish","type":"post","link":"https:\/\/elinformante.mx\/?p=68170","title":{"rendered":"Residente llega a M\u00e9xico con su tour \u201cLas letras ya no importan\u201d"},"content":{"rendered":"\n<figure class=\"wp-block-pullquote\"><blockquote><p>El cantante puertorrique\u00f1o se presentar\u00e1 dentro de poco con su tour en el Palacio de los Deportes<\/p><\/blockquote><\/figure>\n\n\n\n<p class=\"has-drop-cap\">El cantante empez\u00f3 su carrera con el grupo Calle 13 aunque se ha consolidado como uno de los cantantes y raperos m\u00e1s reconocidos en el mundo.<br><\/p>\n\n\n\n<p>Ren\u00e9 P\u00e9rez Joglar, nombre del artista, llega a M\u00e9xico con su tour \u201cLas letras ya no importan\u201d, ofreciendo a los mexicanos un gran concierto.<br><\/p>\n\n\n\n<figure class=\"wp-block-image size-large\"><img fetchpriority=\"high\" decoding=\"async\" width=\"1024\" height=\"503\" src=\"https:\/\/elinformante.mx\/wp-content\/uploads\/2024\/11\/15residente-2-1024x503.jpg\" alt=\"\" class=\"wp-image-68172\" srcset=\"https:\/\/elinformante.mx\/wp-content\/uploads\/2024\/11\/15residente-2-1024x503.jpg 1024w, https:\/\/elinformante.mx\/wp-content\/uploads\/2024\/11\/15residente-2-300x147.jpg 300w, https:\/\/elinformante.mx\/wp-content\/uploads\/2024\/11\/15residente-2-768x377.jpg 768w, https:\/\/elinformante.mx\/wp-content\/uploads\/2024\/11\/15residente-2-580x285.jpg 580w, https:\/\/elinformante.mx\/wp-content\/uploads\/2024\/11\/15residente-2-860x422.jpg 860w, https:\/\/elinformante.mx\/wp-content\/uploads\/2024\/11\/15residente-2.jpg 1140w\" sizes=\"(max-width: 1024px) 100vw, 1024px\" \/><\/figure>\n\n\n\n<p>Ser\u00e1 la CDMX cuando el pr\u00f3ximo 7 de noviembre se presentara el rapero, este es un concierto muy esperado por los capitalinos y comenzar\u00e1 aproximadamente a las 8:30 PM.<br><\/p>\n\n\n\n<p>El concierto se realizar\u00e1 en el Palacio de los Deportes y para llegar a \u00e9l puedes hacerlo por auto, ya que dentro del recinto hay un estacionamiento que tiene un costo. Se espera que interprete la gran mayor\u00eda de sus canciones y \u00e9xitos que lo han llevado a un lugar privilegiado en el mundo de la m\u00fasica.<br><\/p>\n\n\n\n<p>Se espera que sea un lleno total el Palacio de los Deportes y que los capitalinos disfruten de un gran espect\u00e1culo.<\/p>\n","protected":false},"excerpt":{"rendered":"<p>El cantante puertorrique\u00f1o se presentar\u00e1 dentro de poco con su tour en el Palacio de los Deportes El cantante empez\u00f3 su carrera con el grupo Calle 13 aunque se ha consolidado como uno de los cantantes y raperos m\u00e1s reconocidos en el mundo. Ren\u00e9 P\u00e9rez Joglar, nombre del artista, llega a M\u00e9xico con su tour [&hellip;]<\/p>\n","protected":false},"author":1,"featured_media":68171,"comment_status":"closed","ping_status":"closed","sticky":false,"template":"","format":"standard","meta":{"footnotes":""},"categories":[30,39],"tags":[],"class_list":["post-68170","post","type-post","status-publish","format-standard","has-post-thumbnail","hentry","category-destacado","category-espectaculos"],"_links":{"self":[{"href":"https:\/\/elinformante.mx\/index.php?rest_route=\/wp\/v2\/posts\/68170","targetHints":{"allow":["GET"]}}],"collection":[{"href":"https:\/\/elinformante.mx\/index.php?rest_route=\/wp\/v2\/posts"}],"about":[{"href":"https:\/\/elinformante.mx\/index.php?rest_route=\/wp\/v2\/types\/post"}],"author":[{"embeddable":true,"href":"https:\/\/elinformante.mx\/index.php?rest_route=\/wp\/v2\/users\/1"}],"replies":[{"embeddable":true,"href":"https:\/\/elinformante.mx\/index.php?rest_route=%2Fwp%2Fv2%2Fcomments&post=68170"}],"version-history":[{"count":0,"href":"https:\/\/elinformante.mx\/index.php?rest_route=\/wp\/v2\/posts\/68170\/revisions"}],"wp:featuredmedia":[{"embeddable":true,"href":"https:\/\/elinformante.mx\/index.php?rest_route=\/wp\/v2\/media\/68171"}],"wp:attachment":[{"href":"https:\/\/elinformante.mx\/index.php?rest_route=%2Fwp%2Fv2%2Fmedia&parent=68170"}],"wp:term":[{"taxonomy":"category","embeddable":true,"href":"https:\/\/elinformante.mx\/index.php?rest_route=%2Fwp%2Fv2%2Fcategories&post=68170"},{"taxonomy":"post_tag","embeddable":true,"href":"https:\/\/elinformante.mx\/index.php?rest_route=%2Fwp%2Fv2%2Ftags&post=68170"}],"curies":[{"name":"wp","href":"https:\/\/api.w.org\/{rel}","templated":true}]}}