{"id":68181,"date":"2024-11-06T06:02:30","date_gmt":"2024-11-06T12:02:30","guid":{"rendered":"https:\/\/elinformante.mx\/?p=68181"},"modified":"2024-11-06T06:02:32","modified_gmt":"2024-11-06T12:02:32","slug":"lo-sentencian-a-43-anos-en-prision-por-asesinato-ocurrido-en-chimalhuacan","status":"publish","type":"post","link":"https:\/\/elinformante.mx\/?p=68181","title":{"rendered":"Lo sentencian a 43 a\u00f1os en prisi\u00f3n por asesinato ocurrido en Chimalhuac\u00e1n"},"content":{"rendered":"\n<figure class=\"wp-block-pullquote\"><blockquote><p>El ahora sentenciado, en complicidad con otros individuos, privaron de la vida a un hombre en el camino a la Mina, colonia Lomas de Santa Cruz.<\/p><\/blockquote><\/figure>\n\n\n\n<p class=\"has-drop-cap\">La FGJEM aport\u00f3 las pruebas contra Juan Miguel Gonz\u00e1lez Carranza por el delito de homicidio calificado, por lo que fue sentenciado a 43 a\u00f1os y 9 meses de prisi\u00f3n.<br><\/p>\n\n\n\n<p>El 7 de mayo del a\u00f1o 2023, el ahora sentenciado en complicidad con otros individuos particip\u00f3 en el homicidio de un hombre, en el camino a la Mina, colonia Lomas de Santa Cruz, en el municipio de Chimalhuac\u00e1n.<br><\/p>\n\n\n\n<p>Juan Miguel Gonz\u00e1lez Carranza y sus c\u00f3mplices interceptaron a la v\u00edctima en el camino referido y por la fuerza lo bajaron de una camioneta que conduc\u00eda, para luego someterlo y golpearlo; el hoy sentenciado entreg\u00f3 un arma de fuego a otro de los implicados y le orden\u00f3 que privara de la vida a esta persona.<br><\/p>\n\n\n\n<p>Tras las investigaciones se identific\u00f3 a este sujeto como el responsable de los hechos, por ello fue solicitada a la Autoridad Judicial librar orden de aprehensi\u00f3n en su contra, mandamiento judicial que fue otorgado y cumplimentado.<br><\/p>\n\n\n\n<p>El sujeto fue ingresado al Centro Penitenciario y de Reinserci\u00f3n Social de Nezahualc\u00f3yotl a disposici\u00f3n del \u00d3rgano Jurisdiccional, quien luego de revisar las pruebas recabadas, aportadas y expuestas por el Representante Social y tras proceso legal, le dict\u00f3 esta sentencia de condena.<br><\/p>\n\n\n\n<p>Adem\u00e1s de la pena privativa de libertad, deber\u00e1 pagar multa de 128 mil 326 pesos, la cantidad de 225 mil 570 pesos por concepto de reparaci\u00f3n del da\u00f1o material y 108 mil 570 pesos como reparaci\u00f3n del da\u00f1o moral, en tanto que sus derechos civiles y pol\u00edticos fueron suspendidos.<\/p>\n","protected":false},"excerpt":{"rendered":"<p>El ahora sentenciado, en complicidad con otros individuos, privaron de la vida a un hombre en el camino a la Mina, colonia Lomas de Santa Cruz. La FGJEM aport\u00f3 las pruebas contra Juan Miguel Gonz\u00e1lez Carranza por el delito de homicidio calificado, por lo que fue sentenciado a 43 a\u00f1os y 9 meses de prisi\u00f3n. [&hellip;]<\/p>\n","protected":false},"author":1,"featured_media":68182,"comment_status":"closed","ping_status":"closed","sticky":false,"template":"","format":"standard","meta":{"footnotes":""},"categories":[36,37],"tags":[],"class_list":["post-68181","post","type-post","status-publish","format-standard","has-post-thumbnail","hentry","category-edomex","category-justicia"],"_links":{"self":[{"href":"https:\/\/elinformante.mx\/index.php?rest_route=\/wp\/v2\/posts\/68181","targetHints":{"allow":["GET"]}}],"collection":[{"href":"https:\/\/elinformante.mx\/index.php?rest_route=\/wp\/v2\/posts"}],"about":[{"href":"https:\/\/elinformante.mx\/index.php?rest_route=\/wp\/v2\/types\/post"}],"author":[{"embeddable":true,"href":"https:\/\/elinformante.mx\/index.php?rest_route=\/wp\/v2\/users\/1"}],"replies":[{"embeddable":true,"href":"https:\/\/elinformante.mx\/index.php?rest_route=%2Fwp%2Fv2%2Fcomments&post=68181"}],"version-history":[{"count":0,"href":"https:\/\/elinformante.mx\/index.php?rest_route=\/wp\/v2\/posts\/68181\/revisions"}],"wp:featuredmedia":[{"embeddable":true,"href":"https:\/\/elinformante.mx\/index.php?rest_route=\/wp\/v2\/media\/68182"}],"wp:attachment":[{"href":"https:\/\/elinformante.mx\/index.php?rest_route=%2Fwp%2Fv2%2Fmedia&parent=68181"}],"wp:term":[{"taxonomy":"category","embeddable":true,"href":"https:\/\/elinformante.mx\/index.php?rest_route=%2Fwp%2Fv2%2Fcategories&post=68181"},{"taxonomy":"post_tag","embeddable":true,"href":"https:\/\/elinformante.mx\/index.php?rest_route=%2Fwp%2Fv2%2Ftags&post=68181"}],"curies":[{"name":"wp","href":"https:\/\/api.w.org\/{rel}","templated":true}]}}