{"id":68187,"date":"2024-11-06T06:05:07","date_gmt":"2024-11-06T12:05:07","guid":{"rendered":"https:\/\/elinformante.mx\/?p=68187"},"modified":"2024-11-06T06:05:08","modified_gmt":"2024-11-06T12:05:08","slug":"vinculan-a-proceso-a-johnny-cachuchas-por-un-doble-homicidio-ocurrido-en-huehuetoca","status":"publish","type":"post","link":"https:\/\/elinformante.mx\/?p=68187","title":{"rendered":"Vinculan a proceso a \u201cJohnny Cachuchas\u201d por un doble homicidio ocurrido en Huehuetoca"},"content":{"rendered":"\n<figure class=\"wp-block-pullquote\"><blockquote><p>El detenido estaba identificado como uno de los l\u00edderes de una organizaci\u00f3n delictiva con or\u00edgenes en el estado de Jalisco con presencia en municipios del Valle de M\u00e9xico.<\/p><\/blockquote><\/figure>\n\n\n\n<p class=\"has-drop-cap\">Mario Jonathan \u201cN\u201d, alias \u201cJohnny Cachuchas\u201d, identificado como uno de los l\u00edderes de una organizaci\u00f3n delictiva con or\u00edgenes en el estado de Jalisco, fue vinculado a proceso por el delito de homicidio calificado en agravio de dos personas, luego de que la Fiscal\u00eda General de Justicia del Estado de M\u00e9xico (FGJEM) acredit\u00f3 su probable intervenci\u00f3n en este il\u00edcito registrado en Huehuetoca.<br><\/p>\n\n\n\n<p>\u201cJohnny Cachuchas\u201d, esta considerado como un generador de violencia en esa regi\u00f3n de la entidad por haber perpetrado presumiblemente delitos de alto impacto, fue vinculado a proceso por hechos registrados el 14 de mayo de este a\u00f1o, en el municipio de Huehuetoca, donde habr\u00eda intervenido en el homicidio de dos masculinos.<br><\/p>\n\n\n\n<p>El d\u00eda de los hechos, Mario Jonathan \u201cN\u201d y un grupo de al menos siete individuos presuntamente subieron por la fuerza a las dos v\u00edctimas a bordo de una camioneta, donde los habr\u00edan golpeado. Posteriormente el ahora detenido y otro de sus c\u00f3mplices al parecer detonaron armas de fuego en contra de ambas personas, ocasion\u00e1ndoles la muerte.<br><\/p>\n\n\n\n<p>Con la finalidad de deshacerse de los cuerpos, los colocaron en bolsas y los trasladaron a calles de la colonia Santa Teresa V, donde los abandonaron. En el sitio dejaron una cartulina con un mensaje intimidatorio firmado presuntamente por integrantes de una organizaci\u00f3n delictiva con or\u00edgenes en Jalisco.<br><\/p>\n\n\n\n<p>Tras descubrir los cuerpos, se inici\u00f3 la investigaci\u00f3n a cargo de la instituci\u00f3n, recabando las pruebas y solicitando la orden de aprehensi\u00f3n contra el probable implicado, identificado como uno de los l\u00edderes de la organizaci\u00f3n delictiva referida, cuya zona de operaci\u00f3n se concentra en los municipios de Teoloyucan, Huehuetoca y Coyotepec.<br><\/p>\n\n\n\n<p>Mediante acci\u00f3n operativa conjunta ejecutada en el municipio de Zumpango, agentes de la Fiscal\u00eda General de Justicia del Estado de M\u00e9xico y elementos de la Secretar\u00eda de la Defensa Nacional (SEDENA) detuvieron a Mario Jonathan \u201cN\u201d, alias \u201cJohnny Cachuchas\u201d. Durante esta acci\u00f3n le fue asegurada un arma de fuego tipo subametralladora, tipo UZI, 2 cargadores para arma de fuego y cartuchos \u00fatiles; fue ingresado al Centro Penitenciario y de Reinserci\u00f3n Social, quien determin\u00f3 vincularlo a proceso con plazo de un mes para el cierre de investigaci\u00f3n complementaria y medida cautelar de prisi\u00f3n preventiva justificada.<\/p>\n","protected":false},"excerpt":{"rendered":"<p>El detenido estaba identificado como uno de los l\u00edderes de una organizaci\u00f3n delictiva con or\u00edgenes en el estado de Jalisco con presencia en municipios del Valle de M\u00e9xico. Mario Jonathan \u201cN\u201d, alias \u201cJohnny Cachuchas\u201d, identificado como uno de los l\u00edderes de una organizaci\u00f3n delictiva con or\u00edgenes en el estado de Jalisco, fue vinculado a proceso [&hellip;]<\/p>\n","protected":false},"author":1,"featured_media":68188,"comment_status":"closed","ping_status":"closed","sticky":false,"template":"","format":"standard","meta":{"footnotes":""},"categories":[36,37],"tags":[],"class_list":["post-68187","post","type-post","status-publish","format-standard","has-post-thumbnail","hentry","category-edomex","category-justicia"],"_links":{"self":[{"href":"https:\/\/elinformante.mx\/index.php?rest_route=\/wp\/v2\/posts\/68187","targetHints":{"allow":["GET"]}}],"collection":[{"href":"https:\/\/elinformante.mx\/index.php?rest_route=\/wp\/v2\/posts"}],"about":[{"href":"https:\/\/elinformante.mx\/index.php?rest_route=\/wp\/v2\/types\/post"}],"author":[{"embeddable":true,"href":"https:\/\/elinformante.mx\/index.php?rest_route=\/wp\/v2\/users\/1"}],"replies":[{"embeddable":true,"href":"https:\/\/elinformante.mx\/index.php?rest_route=%2Fwp%2Fv2%2Fcomments&post=68187"}],"version-history":[{"count":0,"href":"https:\/\/elinformante.mx\/index.php?rest_route=\/wp\/v2\/posts\/68187\/revisions"}],"wp:featuredmedia":[{"embeddable":true,"href":"https:\/\/elinformante.mx\/index.php?rest_route=\/wp\/v2\/media\/68188"}],"wp:attachment":[{"href":"https:\/\/elinformante.mx\/index.php?rest_route=%2Fwp%2Fv2%2Fmedia&parent=68187"}],"wp:term":[{"taxonomy":"category","embeddable":true,"href":"https:\/\/elinformante.mx\/index.php?rest_route=%2Fwp%2Fv2%2Fcategories&post=68187"},{"taxonomy":"post_tag","embeddable":true,"href":"https:\/\/elinformante.mx\/index.php?rest_route=%2Fwp%2Fv2%2Ftags&post=68187"}],"curies":[{"name":"wp","href":"https:\/\/api.w.org\/{rel}","templated":true}]}}