{"id":68197,"date":"2024-11-06T06:13:31","date_gmt":"2024-11-06T12:13:31","guid":{"rendered":"https:\/\/elinformante.mx\/?p=68197"},"modified":"2024-11-06T06:13:33","modified_gmt":"2024-11-06T12:13:33","slug":"llegara-a-chalco-la-caravana-por-el-bienestar-animal-promovida-por-el-gem","status":"publish","type":"post","link":"https:\/\/elinformante.mx\/?p=68197","title":{"rendered":"Llegar\u00e1 a Chalco la Caravana por el Bienestar Animal, promovida por el GEM"},"content":{"rendered":"\n<figure class=\"wp-block-pullquote\"><blockquote><p>La cita es en el Jard\u00edn Municipal de Chalco, a partir de las 9:30 horas<\/p><\/blockquote><\/figure>\n\n\n\n<p class=\"has-drop-cap\">Este 6 de noviembre se ofrecer\u00e1n servicios gratuitos de esterilizaci\u00f3n, desparasitaci\u00f3n y atenci\u00f3n m\u00e9dica, adem\u00e1s de adoptar alg\u00fan animal de compa\u00f1\u00eda rescatado por la Comisi\u00f3n Estatal de Parques Naturales y de la Fauna.<br><\/p>\n\n\n\n<p>Con servicios gratuitos de esterilizaci\u00f3n, desparasitaci\u00f3n y atenci\u00f3n m\u00e9dica, llega la Caravana por el Bienestar Animal al municipio de Chalco. El Gobierno del Estado de M\u00e9xico, a trav\u00e9s de la Secretar\u00eda del Medio Ambiente y Desarrollo Sostenible (SMAyDS) y la Comisi\u00f3n Estatal de Parques Naturales y de la Fauna (Cepanaf), invitan a ser parte de esta actividad este mi\u00e9rcoles 06 de noviembre.<br><\/p>\n\n\n\n<figure class=\"wp-block-image size-large\"><img fetchpriority=\"high\" decoding=\"async\" width=\"1024\" height=\"503\" src=\"https:\/\/elinformante.mx\/wp-content\/uploads\/2024\/11\/11llegara-1024x503.jpg\" alt=\"\" class=\"wp-image-68199\" srcset=\"https:\/\/elinformante.mx\/wp-content\/uploads\/2024\/11\/11llegara-1024x503.jpg 1024w, https:\/\/elinformante.mx\/wp-content\/uploads\/2024\/11\/11llegara-300x147.jpg 300w, https:\/\/elinformante.mx\/wp-content\/uploads\/2024\/11\/11llegara-768x377.jpg 768w, https:\/\/elinformante.mx\/wp-content\/uploads\/2024\/11\/11llegara-580x285.jpg 580w, https:\/\/elinformante.mx\/wp-content\/uploads\/2024\/11\/11llegara-860x422.jpg 860w, https:\/\/elinformante.mx\/wp-content\/uploads\/2024\/11\/11llegara.jpg 1140w\" sizes=\"(max-width: 1024px) 100vw, 1024px\" \/><\/figure>\n\n\n\n<p>La cita es en el Jard\u00edn Municipal de Chalco, a partir de las 9:30 horas, en los m\u00f3dulos que ofrecer\u00e1n servicios para lomitos y michis del municipio. Tambi\u00e9n se dar\u00e1n talleres educativos y de terapia asistencial; primeros auxilios para seres sintientes y pl\u00e1ticas de concientizaci\u00f3n; adem\u00e1s de orientaci\u00f3n sobre temas de bienestar animal.<br><\/p>\n\n\n\n<p>Para promover la adopci\u00f3n de seres sintientes, tambi\u00e9n se contar\u00e1 con un m\u00f3dulo donde los asistentes podr\u00e1n conocer y dar un hogar a alguno de los animalitos rescatados por la Cepanaf.<br><\/p>\n\n\n\n<p>La Caravana por el Bienestar Animal es desarrollada por el Gobierno del Estado de M\u00e9xico, en coordinaci\u00f3n con otras entidades gubernamentales, as\u00ed como organizaciones civiles que se suman de manera voluntaria con el objetivo de seguir realizando acciones de bienestar para los que no tienen voz.<\/p>\n","protected":false},"excerpt":{"rendered":"<p>La cita es en el Jard\u00edn Municipal de Chalco, a partir de las 9:30 horas Este 6 de noviembre se ofrecer\u00e1n servicios gratuitos de esterilizaci\u00f3n, desparasitaci\u00f3n y atenci\u00f3n m\u00e9dica, adem\u00e1s de adoptar alg\u00fan animal de compa\u00f1\u00eda rescatado por la Comisi\u00f3n Estatal de Parques Naturales y de la Fauna. Con servicios gratuitos de esterilizaci\u00f3n, desparasitaci\u00f3n y [&hellip;]<\/p>\n","protected":false},"author":1,"featured_media":68198,"comment_status":"closed","ping_status":"closed","sticky":false,"template":"","format":"standard","meta":{"footnotes":""},"categories":[36],"tags":[],"class_list":["post-68197","post","type-post","status-publish","format-standard","has-post-thumbnail","hentry","category-edomex"],"_links":{"self":[{"href":"https:\/\/elinformante.mx\/index.php?rest_route=\/wp\/v2\/posts\/68197","targetHints":{"allow":["GET"]}}],"collection":[{"href":"https:\/\/elinformante.mx\/index.php?rest_route=\/wp\/v2\/posts"}],"about":[{"href":"https:\/\/elinformante.mx\/index.php?rest_route=\/wp\/v2\/types\/post"}],"author":[{"embeddable":true,"href":"https:\/\/elinformante.mx\/index.php?rest_route=\/wp\/v2\/users\/1"}],"replies":[{"embeddable":true,"href":"https:\/\/elinformante.mx\/index.php?rest_route=%2Fwp%2Fv2%2Fcomments&post=68197"}],"version-history":[{"count":0,"href":"https:\/\/elinformante.mx\/index.php?rest_route=\/wp\/v2\/posts\/68197\/revisions"}],"wp:featuredmedia":[{"embeddable":true,"href":"https:\/\/elinformante.mx\/index.php?rest_route=\/wp\/v2\/media\/68198"}],"wp:attachment":[{"href":"https:\/\/elinformante.mx\/index.php?rest_route=%2Fwp%2Fv2%2Fmedia&parent=68197"}],"wp:term":[{"taxonomy":"category","embeddable":true,"href":"https:\/\/elinformante.mx\/index.php?rest_route=%2Fwp%2Fv2%2Fcategories&post=68197"},{"taxonomy":"post_tag","embeddable":true,"href":"https:\/\/elinformante.mx\/index.php?rest_route=%2Fwp%2Fv2%2Ftags&post=68197"}],"curies":[{"name":"wp","href":"https:\/\/api.w.org\/{rel}","templated":true}]}}