{"id":68204,"date":"2024-11-06T06:22:27","date_gmt":"2024-11-06T12:22:27","guid":{"rendered":"https:\/\/elinformante.mx\/?p=68204"},"modified":"2024-11-06T06:22:28","modified_gmt":"2024-11-06T12:22:28","slug":"pjedomex-inaugura-el-centro-de-convivencia-familiar-en-nicolas-romero","status":"publish","type":"post","link":"https:\/\/elinformante.mx\/?p=68204","title":{"rendered":"PJEdom\u00e9x inaugura el Centro de Convivencia Familiar en Nicol\u00e1s Romero"},"content":{"rendered":"\n<figure class=\"wp-block-pullquote\"><blockquote><p>Se facilitar\u00e1 la convivencia y reconstrucci\u00f3n de lazos familiares en entornos seguros y supervisados.<\/p><\/blockquote><\/figure>\n\n\n\n<p class=\"has-drop-cap\">Para contribuir a la paz y estabilidad de ni\u00f1as, ni\u00f1os y adolescentes involucrados en procesos de separaci\u00f3n de sus padres, el titular del Poder Judicial del Estado de M\u00e9xico, Ricardo Sodi Cuellar inaugur\u00f3 el Centro de Convivencia Familiar Cecofam de Nicol\u00e1s Romero.<br><\/p>\n\n\n\n<p>Este nuevo espacio est\u00e1 dise\u00f1ado para favorecer el reencuentro y las relaciones sanas entre padres, madres, hijos e incluso abuelitos, quienes ahora podr\u00e1n interactuar en un ambiente controlado, alejado de tensiones y conflictos.<br><\/p>\n\n\n\n<p>\u201cEl derecho de familia es un campo que requiere una atenci\u00f3n prioritaria y recursos significativos; la creaci\u00f3n de estos centros responde a esa necesidad\u201d, expres\u00f3 Sodi Cuellar durante la ceremonia de apertura, en la que agradeci\u00f3 la donaci\u00f3n del predio por parte del Ayuntamiento de Nicol\u00e1s Romero, presidido por Armando Navarrete L\u00f3pez.<br><\/p>\n\n\n\n<p>El Magistrado Presidente abord\u00f3 la complejidad del derecho familiar, enfatizando la importancia de estos inmuebles en una sociedad donde la conflictividad en temas de familia es alta. Precis\u00f3 que el Cecofam beneficiar\u00e1 a familias de Nicol\u00e1s Romero y de municipios cercanos como Atizap\u00e1n, Cuautitl\u00e1n Izcalli y Tepotzotl\u00e1n, quienes antes se trasladaban hasta Toluca o Ecatepec.<br><\/p>\n\n\n\n<figure class=\"wp-block-image size-large\"><img fetchpriority=\"high\" decoding=\"async\" width=\"1024\" height=\"503\" src=\"https:\/\/elinformante.mx\/wp-content\/uploads\/2024\/11\/10pjedomex-2-1024x503.jpg\" alt=\"\" class=\"wp-image-68206\" srcset=\"https:\/\/elinformante.mx\/wp-content\/uploads\/2024\/11\/10pjedomex-2-1024x503.jpg 1024w, https:\/\/elinformante.mx\/wp-content\/uploads\/2024\/11\/10pjedomex-2-300x147.jpg 300w, https:\/\/elinformante.mx\/wp-content\/uploads\/2024\/11\/10pjedomex-2-768x377.jpg 768w, https:\/\/elinformante.mx\/wp-content\/uploads\/2024\/11\/10pjedomex-2-580x285.jpg 580w, https:\/\/elinformante.mx\/wp-content\/uploads\/2024\/11\/10pjedomex-2-860x422.jpg 860w, https:\/\/elinformante.mx\/wp-content\/uploads\/2024\/11\/10pjedomex-2.jpg 1140w\" sizes=\"(max-width: 1024px) 100vw, 1024px\" \/><\/figure>\n\n\n\n<p>Sodi Cuellar hizo hincapie que la familia es un pilar de nuestra sociedad, por eso desde el poder Judicial se esfuerzan en crear ambientes que fortalezcan estos lazos, siendo un ejemplo de justicia restaurativa en su m\u00e1xima expresi\u00f3n, donde encuentren un lugar para sanar y reconstruir relaciones.<br><\/p>\n\n\n\n<p>En representaci\u00f3n de la Gobernadora Delfina G\u00f3mez \u00c1lvarez, Mar\u00eda Trinidad Franco Arpero, titular de la Oficial\u00eda Mayor, reconoci\u00f3 el compromiso del Poder Judicial con proyectos que promueven el inter\u00e9s superior de la ni\u00f1ez. Destac\u00f3 que, en sinton\u00eda con el Plan de Desarrollo del Estado de M\u00e9xico, el Cecofam ofrecer\u00e1 un entorno seguro y neutral, donde ni\u00f1os, ni\u00f1as y adolescentes podr\u00e1n convivir bajo la supervisi\u00f3n de profesionales capacitados, fortaleciendo el compromiso estatal de construir una sociedad m\u00e1s unida y estable.<br><\/p>\n\n\n\n<p>El presidente municipal de Nicol\u00e1s Romero expres\u00f3 su agradecimiento por la colaboraci\u00f3n interinstitucional y subray\u00f3 la importancia de unir esfuerzos para concretar proyectos en beneficio de la ni\u00f1ez. Por su parte, el consejero Ra\u00fal Romero Ortega destac\u00f3 el compromiso del Plan Estrat\u00e9gico 2020-2025 del PJEdomex, orientado a la proximidad y accesibilidad de la justicia, anunciando que el centro abrir\u00e1 oficialmente el 15 de noviembre, respaldado por jueces y especialistas en derecho familiar.<br><\/p>\n\n\n\n<p>Federico Silva Gonz\u00e1lez, Director de Construcci\u00f3n y Mantenimiento de Obra P\u00fablica del tribunal de justicia mexiquense, detall\u00f3 que con una inversi\u00f3n de m\u00e1s de 386 millones de pesos, el Cecofam de Nicol\u00e1s Romero no solo aborda el conflicto familiar, sino que se posiciona como un modelo de convivencia.<br><\/p>\n\n\n\n<p>En un terreno de 6 mil 668 m\u00b2 y con una construcci\u00f3n de tres niveles, la instalaci\u00f3n cuenta con \u00e1reas para lactantes, preescolares, preadolescentes y adolescentes; adem\u00e1s, espacios para mediaci\u00f3n, salas de TV, talleres psicoeducativos y \u00e1reas de recreaci\u00f3n como canchas de voleibol y espacio de usos m\u00faltiples. Tambi\u00e9n se han integrado paneles solares y una cisterna de agua pluvial de 103 mil 400 litros, destacando el compromiso ambiental del proyecto.<\/p>\n","protected":false},"excerpt":{"rendered":"<p>Se facilitar\u00e1 la convivencia y reconstrucci\u00f3n de lazos familiares en entornos seguros y supervisados. Para contribuir a la paz y estabilidad de ni\u00f1as, ni\u00f1os y adolescentes involucrados en procesos de separaci\u00f3n de sus padres, el titular del Poder Judicial del Estado de M\u00e9xico, Ricardo Sodi Cuellar inaugur\u00f3 el Centro de Convivencia Familiar Cecofam de Nicol\u00e1s [&hellip;]<\/p>\n","protected":false},"author":1,"featured_media":68205,"comment_status":"closed","ping_status":"closed","sticky":false,"template":"","format":"standard","meta":{"footnotes":""},"categories":[36],"tags":[],"class_list":["post-68204","post","type-post","status-publish","format-standard","has-post-thumbnail","hentry","category-edomex"],"_links":{"self":[{"href":"https:\/\/elinformante.mx\/index.php?rest_route=\/wp\/v2\/posts\/68204","targetHints":{"allow":["GET"]}}],"collection":[{"href":"https:\/\/elinformante.mx\/index.php?rest_route=\/wp\/v2\/posts"}],"about":[{"href":"https:\/\/elinformante.mx\/index.php?rest_route=\/wp\/v2\/types\/post"}],"author":[{"embeddable":true,"href":"https:\/\/elinformante.mx\/index.php?rest_route=\/wp\/v2\/users\/1"}],"replies":[{"embeddable":true,"href":"https:\/\/elinformante.mx\/index.php?rest_route=%2Fwp%2Fv2%2Fcomments&post=68204"}],"version-history":[{"count":0,"href":"https:\/\/elinformante.mx\/index.php?rest_route=\/wp\/v2\/posts\/68204\/revisions"}],"wp:featuredmedia":[{"embeddable":true,"href":"https:\/\/elinformante.mx\/index.php?rest_route=\/wp\/v2\/media\/68205"}],"wp:attachment":[{"href":"https:\/\/elinformante.mx\/index.php?rest_route=%2Fwp%2Fv2%2Fmedia&parent=68204"}],"wp:term":[{"taxonomy":"category","embeddable":true,"href":"https:\/\/elinformante.mx\/index.php?rest_route=%2Fwp%2Fv2%2Fcategories&post=68204"},{"taxonomy":"post_tag","embeddable":true,"href":"https:\/\/elinformante.mx\/index.php?rest_route=%2Fwp%2Fv2%2Ftags&post=68204"}],"curies":[{"name":"wp","href":"https:\/\/api.w.org\/{rel}","templated":true}]}}