{"id":68213,"date":"2024-11-06T06:28:48","date_gmt":"2024-11-06T12:28:48","guid":{"rendered":"https:\/\/elinformante.mx\/?p=68213"},"modified":"2024-11-06T06:28:49","modified_gmt":"2024-11-06T12:28:49","slug":"edomex-capacita-a-servidores-del-sector-educativo-contra-desaparicion-de-ninas-adolescentes-y-mujeres","status":"publish","type":"post","link":"https:\/\/elinformante.mx\/?p=68213","title":{"rendered":"Edom\u00e9x capacita a servidores del sector educativo contra desaparici\u00f3n de ni\u00f1as, adolescentes y mujeres"},"content":{"rendered":"\n<figure class=\"wp-block-pullquote\"><blockquote><p>Se dieron capacitaciones te\u00f3ricas y pr\u00e1cticas de manera regional en Toluca, Chimalhuac\u00e1n, La Paz y Cuautitl\u00e1n Izcalli a 448 servidores p\u00fablicos del sector educativo.<\/p><\/blockquote><\/figure>\n\n\n\n<p class=\"has-drop-cap\">Como parte del Programa Estrat\u00e9gico Estatal para la Atenci\u00f3n de la Alerta de Violencia de G\u00e9nero por Desaparici\u00f3n que impulsa la Gobernadora Delfina G\u00f3mez \u00c1lvarez, 448 servidores p\u00fablicos de la Secretar\u00eda de Educaci\u00f3n, Ciencia, Tecnolog\u00eda e Innovaci\u00f3n (SECTI) recibieron capacitaci\u00f3n te\u00f3rica y pr\u00e1ctica para actuar en casos de desaparici\u00f3n de ni\u00f1as, adolescentes y mujeres.<br><\/p>\n\n\n\n<p>La SECTI, a cargo de Miguel \u00c1ngel Hern\u00e1ndez Espejel, a trav\u00e9s del Consejo para la Convivencia Escolar (CONVIVE), participa en la coordinaci\u00f3n e implementaci\u00f3n de dicha estrategia, con el compromiso de salvaguardar los derechos e integridad del alumnado del sistema educativo estatal.<br><\/p>\n\n\n\n<p>En coordinaci\u00f3n con la Secretar\u00eda de Seguridad del Estado de M\u00e9xico y la Comisi\u00f3n de B\u00fasqueda de Personas del Estado de M\u00e9xico (Cobupem), se realizaron capacitaciones regionales en Toluca, Chimalhuac\u00e1n, La Paz y Cuautitl\u00e1n Izcalli, donde se abordaron temas como protocolos de b\u00fasqueda, Alerta Amber y el Protocolo Alba, as\u00ed como los derechos de las v\u00edctimas.<br><\/p>\n\n\n\n<p>Los funcionarios que recibieron asesor\u00eda para saber c\u00f3mo actuar ante este tipo de casos fungir\u00e1n como replicadores de la informaci\u00f3n dentro de sus comunidades educativas, fortaleciendo as\u00ed el objetivo primordial de la estrategia.<br><\/p>\n\n\n\n<p>En este contexto, es fundamental trabajar en el cumplimiento de esta estrategia y contribuir desde la prevenci\u00f3n para combatir la desaparici\u00f3n de ni\u00f1as, adolescentes y mujeres.<\/p>\n","protected":false},"excerpt":{"rendered":"<p>Se dieron capacitaciones te\u00f3ricas y pr\u00e1cticas de manera regional en Toluca, Chimalhuac\u00e1n, La Paz y Cuautitl\u00e1n Izcalli a 448 servidores p\u00fablicos del sector educativo. Como parte del Programa Estrat\u00e9gico Estatal para la Atenci\u00f3n de la Alerta de Violencia de G\u00e9nero por Desaparici\u00f3n que impulsa la Gobernadora Delfina G\u00f3mez \u00c1lvarez, 448 servidores p\u00fablicos de la Secretar\u00eda [&hellip;]<\/p>\n","protected":false},"author":1,"featured_media":68214,"comment_status":"closed","ping_status":"closed","sticky":false,"template":"","format":"standard","meta":{"footnotes":""},"categories":[36],"tags":[],"class_list":["post-68213","post","type-post","status-publish","format-standard","has-post-thumbnail","hentry","category-edomex"],"_links":{"self":[{"href":"https:\/\/elinformante.mx\/index.php?rest_route=\/wp\/v2\/posts\/68213","targetHints":{"allow":["GET"]}}],"collection":[{"href":"https:\/\/elinformante.mx\/index.php?rest_route=\/wp\/v2\/posts"}],"about":[{"href":"https:\/\/elinformante.mx\/index.php?rest_route=\/wp\/v2\/types\/post"}],"author":[{"embeddable":true,"href":"https:\/\/elinformante.mx\/index.php?rest_route=\/wp\/v2\/users\/1"}],"replies":[{"embeddable":true,"href":"https:\/\/elinformante.mx\/index.php?rest_route=%2Fwp%2Fv2%2Fcomments&post=68213"}],"version-history":[{"count":0,"href":"https:\/\/elinformante.mx\/index.php?rest_route=\/wp\/v2\/posts\/68213\/revisions"}],"wp:featuredmedia":[{"embeddable":true,"href":"https:\/\/elinformante.mx\/index.php?rest_route=\/wp\/v2\/media\/68214"}],"wp:attachment":[{"href":"https:\/\/elinformante.mx\/index.php?rest_route=%2Fwp%2Fv2%2Fmedia&parent=68213"}],"wp:term":[{"taxonomy":"category","embeddable":true,"href":"https:\/\/elinformante.mx\/index.php?rest_route=%2Fwp%2Fv2%2Fcategories&post=68213"},{"taxonomy":"post_tag","embeddable":true,"href":"https:\/\/elinformante.mx\/index.php?rest_route=%2Fwp%2Fv2%2Ftags&post=68213"}],"curies":[{"name":"wp","href":"https:\/\/api.w.org\/{rel}","templated":true}]}}