{"id":68216,"date":"2024-11-06T06:31:01","date_gmt":"2024-11-06T12:31:01","guid":{"rendered":"https:\/\/elinformante.mx\/?p=68216"},"modified":"2024-11-06T06:31:03","modified_gmt":"2024-11-06T12:31:03","slug":"gem-y-poder-legislativo-federal-trabajan-en-favor-de-15-millones-de-mexiquenses-en-zonas-metropolitanas","status":"publish","type":"post","link":"https:\/\/elinformante.mx\/?p=68216","title":{"rendered":"GEM y Poder Legislativo Federal trabajan en favor de 15 millones de mexiquenses en zonas metropolitanas"},"content":{"rendered":"\n<figure class=\"wp-block-pullquote\"><blockquote><p>El titular de la Sedui, Carlos Maza Lara, particip\u00f3 en la Instalaci\u00f3n de la Comisi\u00f3n de Zonas Metropolitanas de la LXVI Legislatura de la C\u00e1mara de Diputados del Congreso de la Uni\u00f3n.<\/p><\/blockquote><\/figure>\n\n\n\n<p class=\"has-drop-cap\">En beneficio de las m\u00e1s de 15 millones de personas que viven en las zonas metropolitanas mexiquenses, el Gobierno de la Maestra Delfina G\u00f3mez \u00c1lvarez, a trav\u00e9s de la Secretar\u00eda de Desarrollo Urbano e Infraestructura (Sedui), refrend\u00f3 su disposici\u00f3n de trabajar en coordinaci\u00f3n con el Poder Legislativo federal y estatal, al participar en la reuni\u00f3n de la instalaci\u00f3n de la Comisi\u00f3n de Zonas Metropolitanas de la LXVI Legislatura de la C\u00e1mara de Diputados del Congreso de la Uni\u00f3n.<br><\/p>\n\n\n\n<p>El Titular de la Sedui, Carlos Maza Lara, destac\u00f3 que, con una visi\u00f3n humanista y metropolitana, el gobierno mexiquense trabaja para mejorar la calidad de vida de las personas, privilegiando justicia e igualdad.<br><\/p>\n\n\n\n<p>\u201cLa coordinaci\u00f3n entre los distintos \u00e1mbitos de gobierno y el Poder Legislativo es fundamental; esto permitir\u00e1 enfrentar los retos de gobernanza en nuestras ciudades con pluralidad y eficiencia\u201d, expres\u00f3 Carlos Maza Lara.<br><\/p>\n\n\n\n<figure class=\"wp-block-image size-large\"><img fetchpriority=\"high\" decoding=\"async\" width=\"1024\" height=\"503\" src=\"https:\/\/elinformante.mx\/wp-content\/uploads\/2024\/11\/7gem-1-1024x503.jpg\" alt=\"\" class=\"wp-image-68218\" srcset=\"https:\/\/elinformante.mx\/wp-content\/uploads\/2024\/11\/7gem-1-1024x503.jpg 1024w, https:\/\/elinformante.mx\/wp-content\/uploads\/2024\/11\/7gem-1-300x147.jpg 300w, https:\/\/elinformante.mx\/wp-content\/uploads\/2024\/11\/7gem-1-768x377.jpg 768w, https:\/\/elinformante.mx\/wp-content\/uploads\/2024\/11\/7gem-1-580x285.jpg 580w, https:\/\/elinformante.mx\/wp-content\/uploads\/2024\/11\/7gem-1-860x422.jpg 860w, https:\/\/elinformante.mx\/wp-content\/uploads\/2024\/11\/7gem-1.jpg 1140w\" sizes=\"(max-width: 1024px) 100vw, 1024px\" \/><\/figure>\n\n\n\n<p>Maza Lara puntualiz\u00f3 que las metr\u00f3polis son motores de crecimiento y que deben contar con una estructura legal que facilite su planificaci\u00f3n, por ello la Sedui emprende proyectos para transformar las ciudades en lugares m\u00e1s ordenados, sostenibles e inclusivos.<br><\/p>\n\n\n\n<p>A manera de ejemplo, expuso ante los diputados federales que el gobierno mexiquense est\u00e1 integrando el Plan Parcial de Desarrollo Urbano del Tren M\u00e9xico-Toluca \u201cEl Insurgente\u201d que busca garantizar en la Zona Metropolitana del Valle de Toluca, un \u00e1rea compacta, con vivienda ordenada y vertical, adem\u00e1s de un paisaje urbano vegetado.<br><\/p>\n\n\n\n<p>Asimismo en coordinaci\u00f3n con la Secretar\u00eda de Desarrollo Agrario, Territorial y Urbano (Sedatu), la Ciudad de M\u00e9xico e Hidalgo, el Estado de M\u00e9xico impulsa el Programa de Ordenaci\u00f3n de la Zona Metropolitana del Valle de M\u00e9xico, como parte de la agenda metropolitana com\u00fan de esta regi\u00f3n del pa\u00eds.<br><\/p>\n\n\n\n<p>En la reuni\u00f3n presidida por la diputada Claudia Gabriela Salas Rodr\u00edguez, participaron los legisladores integrantes de dicha comisi\u00f3n parlamentaria; Alejandro Encinas Rodr\u00edguez, Secretario de Planeaci\u00f3n, Ordenamiento Territorial y Coordinaci\u00f3n Metropolitana de la CDMX; la diputada Patricia Mercado Castro, Presidenta de la Comisi\u00f3n de Movilidad.<\/p>\n","protected":false},"excerpt":{"rendered":"<p>El titular de la Sedui, Carlos Maza Lara, particip\u00f3 en la Instalaci\u00f3n de la Comisi\u00f3n de Zonas Metropolitanas de la LXVI Legislatura de la C\u00e1mara de Diputados del Congreso de la Uni\u00f3n. En beneficio de las m\u00e1s de 15 millones de personas que viven en las zonas metropolitanas mexiquenses, el Gobierno de la Maestra Delfina [&hellip;]<\/p>\n","protected":false},"author":1,"featured_media":68217,"comment_status":"closed","ping_status":"closed","sticky":false,"template":"","format":"standard","meta":{"footnotes":""},"categories":[30,36],"tags":[],"class_list":["post-68216","post","type-post","status-publish","format-standard","has-post-thumbnail","hentry","category-destacado","category-edomex"],"_links":{"self":[{"href":"https:\/\/elinformante.mx\/index.php?rest_route=\/wp\/v2\/posts\/68216","targetHints":{"allow":["GET"]}}],"collection":[{"href":"https:\/\/elinformante.mx\/index.php?rest_route=\/wp\/v2\/posts"}],"about":[{"href":"https:\/\/elinformante.mx\/index.php?rest_route=\/wp\/v2\/types\/post"}],"author":[{"embeddable":true,"href":"https:\/\/elinformante.mx\/index.php?rest_route=\/wp\/v2\/users\/1"}],"replies":[{"embeddable":true,"href":"https:\/\/elinformante.mx\/index.php?rest_route=%2Fwp%2Fv2%2Fcomments&post=68216"}],"version-history":[{"count":0,"href":"https:\/\/elinformante.mx\/index.php?rest_route=\/wp\/v2\/posts\/68216\/revisions"}],"wp:featuredmedia":[{"embeddable":true,"href":"https:\/\/elinformante.mx\/index.php?rest_route=\/wp\/v2\/media\/68217"}],"wp:attachment":[{"href":"https:\/\/elinformante.mx\/index.php?rest_route=%2Fwp%2Fv2%2Fmedia&parent=68216"}],"wp:term":[{"taxonomy":"category","embeddable":true,"href":"https:\/\/elinformante.mx\/index.php?rest_route=%2Fwp%2Fv2%2Fcategories&post=68216"},{"taxonomy":"post_tag","embeddable":true,"href":"https:\/\/elinformante.mx\/index.php?rest_route=%2Fwp%2Fv2%2Ftags&post=68216"}],"curies":[{"name":"wp","href":"https:\/\/api.w.org\/{rel}","templated":true}]}}