{"id":68220,"date":"2024-11-06T06:37:28","date_gmt":"2024-11-06T12:37:28","guid":{"rendered":"https:\/\/elinformante.mx\/?p=68220"},"modified":"2024-11-06T06:37:30","modified_gmt":"2024-11-06T12:37:30","slug":"rompe-record-de-asistencia-la-ofrenda-monumental-del-edomex","status":"publish","type":"post","link":"https:\/\/elinformante.mx\/?p=68220","title":{"rendered":"Rompe r\u00e9cord de asistencia la Ofrenda Monumental del Edom\u00e9x"},"content":{"rendered":"\n<figure class=\"wp-block-pullquote\"><blockquote><p>Se han contabilizado a m\u00e1s de diez mil visitantes de la entidad, del interior del pa\u00eds y del mundo.<\/p><\/blockquote><\/figure>\n\n\n\n<p class=\"has-drop-cap\">La Ofrenda Monumental de D\u00eda de Muertos, instalada en Palacio de Gobierno, en Toluca, rompi\u00f3 r\u00e9cord de asistencia al registrar 10 mil 471 visitantes originarios de diferentes partes de la entidad, del pa\u00eds y del mundo, quienes disfrutaron del 28 de octubre al 04 de noviembre de la belleza e historia de los altares.<br><\/p>\n\n\n\n<p>Entre cientos de flores de cempas\u00fachil, catrinas, luces, copal y m\u00fasica, la Ofrenda Monumental se convirti\u00f3 en el lugar perfecto para tomar fotos y videos con familia y amigos mientras se recordaba la historia prehisp\u00e1nica de D\u00eda de Muertos.<br><\/p>\n\n\n\n<p>Fue este fin de semana largo cuando la Ofrenda Monumental Edom\u00e9x registr\u00f3 mayor n\u00famero de asistentes, pues coincidi\u00f3 con el 31 de octubre, 01 y 02 de noviembre, fechas perfectas para visitar la muestra, que rindi\u00f3 homenaje a los pueblos prehisp\u00e1nicos y a los cinco pueblos originarios de la entidad.<br><\/p>\n\n\n\n<p>El \u201cTzompantli\u201d, que significa \u201cmuro, hilera o bandera de cabezas\u201d, fue el elemento principal de la Ofrenda Monumental, con la que se record\u00f3 a las culturas mesoamericanas; adem\u00e1s de una r\u00e9plica a escala de la Pir\u00e1mide del Sol de Teotihuac\u00e1n y un r\u00edo que represent\u00f3 la fuente de la vida.<br><\/p>\n\n\n\n<p>Durante los ocho d\u00edas, las y los visitantes tambi\u00e9n disfrutaron de m\u00fasica en vivo, en la que se destac\u00f3 el concierto ofrecido por la Orquesta Sinf\u00f3nica Infantil y Juvenil del Conservatorio de M\u00fasica de San Pedro Tultepec, municipio de Lerma.<br><\/p>\n\n\n\n<p>El Gobierno del Estado de M\u00e9xico reafirma su compromiso con la difusi\u00f3n de la cultura en Palacio de Gobierno, un lugar de puertas abiertas y la Casa del Pueblo.<\/p>\n","protected":false},"excerpt":{"rendered":"<p>Se han contabilizado a m\u00e1s de diez mil visitantes de la entidad, del interior del pa\u00eds y del mundo. La Ofrenda Monumental de D\u00eda de Muertos, instalada en Palacio de Gobierno, en Toluca, rompi\u00f3 r\u00e9cord de asistencia al registrar 10 mil 471 visitantes originarios de diferentes partes de la entidad, del pa\u00eds y del mundo, [&hellip;]<\/p>\n","protected":false},"author":1,"featured_media":68221,"comment_status":"closed","ping_status":"closed","sticky":false,"template":"","format":"standard","meta":{"footnotes":""},"categories":[30,36,31],"tags":[],"class_list":["post-68220","post","type-post","status-publish","format-standard","has-post-thumbnail","hentry","category-destacado","category-edomex","category-portada"],"_links":{"self":[{"href":"https:\/\/elinformante.mx\/index.php?rest_route=\/wp\/v2\/posts\/68220","targetHints":{"allow":["GET"]}}],"collection":[{"href":"https:\/\/elinformante.mx\/index.php?rest_route=\/wp\/v2\/posts"}],"about":[{"href":"https:\/\/elinformante.mx\/index.php?rest_route=\/wp\/v2\/types\/post"}],"author":[{"embeddable":true,"href":"https:\/\/elinformante.mx\/index.php?rest_route=\/wp\/v2\/users\/1"}],"replies":[{"embeddable":true,"href":"https:\/\/elinformante.mx\/index.php?rest_route=%2Fwp%2Fv2%2Fcomments&post=68220"}],"version-history":[{"count":0,"href":"https:\/\/elinformante.mx\/index.php?rest_route=\/wp\/v2\/posts\/68220\/revisions"}],"wp:featuredmedia":[{"embeddable":true,"href":"https:\/\/elinformante.mx\/index.php?rest_route=\/wp\/v2\/media\/68221"}],"wp:attachment":[{"href":"https:\/\/elinformante.mx\/index.php?rest_route=%2Fwp%2Fv2%2Fmedia&parent=68220"}],"wp:term":[{"taxonomy":"category","embeddable":true,"href":"https:\/\/elinformante.mx\/index.php?rest_route=%2Fwp%2Fv2%2Fcategories&post=68220"},{"taxonomy":"post_tag","embeddable":true,"href":"https:\/\/elinformante.mx\/index.php?rest_route=%2Fwp%2Fv2%2Ftags&post=68220"}],"curies":[{"name":"wp","href":"https:\/\/api.w.org\/{rel}","templated":true}]}}