{"id":68232,"date":"2024-11-06T06:47:39","date_gmt":"2024-11-06T12:47:39","guid":{"rendered":"https:\/\/elinformante.mx\/?p=68232"},"modified":"2024-11-06T06:47:40","modified_gmt":"2024-11-06T12:47:40","slug":"la-suspension-de-la-plaza-de-toros-y-el-estadio-azul-es-por-el-bienestar-de-los-vecinos-luis-mendoza","status":"publish","type":"post","link":"https:\/\/elinformante.mx\/?p=68232","title":{"rendered":"\u201cLa suspensi\u00f3n de la Plaza de Toros y el Estadio Azul es por el bienestar de los vecinos\u201d: Luis Mendoza"},"content":{"rendered":"\n<figure class=\"wp-block-pullquote\"><blockquote><p>El alcalde de Benito Ju\u00e1rez mencion\u00f3 que se deber\u00e1 esperar a subsanar las fallas detectadas en materia de protecci\u00f3n civil<\/p><\/blockquote><\/figure>\n\n\n\n<p class=\"has-drop-cap\">Luis Mendoza, el alcalde de Benito Ju\u00e1rez mencion\u00f3 que la suspensi\u00f3n temporal de la Plaza M\u00e9xico y del Estadio Azul fue pensado en el bienestar de las y los vecinos de la zona.<br><\/p>\n\n\n\n<p>Reiter\u00f3 que su compromiso es velar por mantener el orden y la seguridad de los ciudadanos de la demarcaci\u00f3n, adem\u00e1s de los visitantes, lo dio a conocer mediante redes sociales.<br><\/p>\n\n\n\n<p>Mendoza explic\u00f3 que las acciones que se llevaron a cabo el 2 de noviembre en estos inmuebles fueron con la finalidad de que hacer que el orden imperara, adem\u00e1s de mantener la seguridad del lugar y evitar que sucediera cualquier incidente que pudiera poner en riesgo la vida e integridad de los asistentes.<br><\/p>\n\n\n\n<p>\u201cTras la suspensi\u00f3n provisional a los inmuebles, corresponde a las empresas subsanar todas las irregularidades detectadas para que las actividades puedan regresar a la normalidad a la brevedad\u201d, sostuvo.<br><\/p>\n\n\n\n<p>Destac\u00f3 que ante los procesos legales que se llevan a cabo, se debe esperar a que transcurran los plazos estipulados para que se subsanen las fallas detectadas en materia de protecci\u00f3n civil.<br><\/p>\n\n\n\n<p>\u201cEn la alcald\u00eda Benito Ju\u00e1rez apostamos por la sana convivencia entre los vecinos y los diversos eventos que se realizan en la zona, privilegiando el orden y la seguridad\u201d, afirm\u00f3.<\/p>\n","protected":false},"excerpt":{"rendered":"<p>El alcalde de Benito Ju\u00e1rez mencion\u00f3 que se deber\u00e1 esperar a subsanar las fallas detectadas en materia de protecci\u00f3n civil Luis Mendoza, el alcalde de Benito Ju\u00e1rez mencion\u00f3 que la suspensi\u00f3n temporal de la Plaza M\u00e9xico y del Estadio Azul fue pensado en el bienestar de las y los vecinos de la zona. Reiter\u00f3 que [&hellip;]<\/p>\n","protected":false},"author":1,"featured_media":68233,"comment_status":"closed","ping_status":"closed","sticky":false,"template":"","format":"standard","meta":{"footnotes":""},"categories":[35,30],"tags":[],"class_list":["post-68232","post","type-post","status-publish","format-standard","has-post-thumbnail","hentry","category-cdmx","category-destacado"],"_links":{"self":[{"href":"https:\/\/elinformante.mx\/index.php?rest_route=\/wp\/v2\/posts\/68232","targetHints":{"allow":["GET"]}}],"collection":[{"href":"https:\/\/elinformante.mx\/index.php?rest_route=\/wp\/v2\/posts"}],"about":[{"href":"https:\/\/elinformante.mx\/index.php?rest_route=\/wp\/v2\/types\/post"}],"author":[{"embeddable":true,"href":"https:\/\/elinformante.mx\/index.php?rest_route=\/wp\/v2\/users\/1"}],"replies":[{"embeddable":true,"href":"https:\/\/elinformante.mx\/index.php?rest_route=%2Fwp%2Fv2%2Fcomments&post=68232"}],"version-history":[{"count":0,"href":"https:\/\/elinformante.mx\/index.php?rest_route=\/wp\/v2\/posts\/68232\/revisions"}],"wp:featuredmedia":[{"embeddable":true,"href":"https:\/\/elinformante.mx\/index.php?rest_route=\/wp\/v2\/media\/68233"}],"wp:attachment":[{"href":"https:\/\/elinformante.mx\/index.php?rest_route=%2Fwp%2Fv2%2Fmedia&parent=68232"}],"wp:term":[{"taxonomy":"category","embeddable":true,"href":"https:\/\/elinformante.mx\/index.php?rest_route=%2Fwp%2Fv2%2Fcategories&post=68232"},{"taxonomy":"post_tag","embeddable":true,"href":"https:\/\/elinformante.mx\/index.php?rest_route=%2Fwp%2Fv2%2Ftags&post=68232"}],"curies":[{"name":"wp","href":"https:\/\/api.w.org\/{rel}","templated":true}]}}