{"id":68235,"date":"2024-11-06T06:49:11","date_gmt":"2024-11-06T12:49:11","guid":{"rendered":"https:\/\/elinformante.mx\/?p=68235"},"modified":"2024-11-06T06:49:12","modified_gmt":"2024-11-06T12:49:12","slug":"semovi-supervisa-conclusion-de-infraestructura-ciclista-en-la-alcaldia-benito-juarez","status":"publish","type":"post","link":"https:\/\/elinformante.mx\/?p=68235","title":{"rendered":"SEMOVI supervisa conclusi\u00f3n de infraestructura ciclista en la Alcald\u00eda Benito Ju\u00e1rez"},"content":{"rendered":"\n<figure class=\"wp-block-pullquote\"><blockquote><p>Entre los beneficios obtenidos destaca la conectividad con otros tipos de infraestructura como el Trole-bici Eje 7 Sur, el ciclocarril Miguel Laurent y el ciclocarril Pilares.<\/p><\/blockquote><\/figure>\n\n\n\n<p class=\"has-drop-cap\">Para mejorar la experiencia de viaje de las personas que se trasladan en bicicleta en la Ciudad de M\u00e9xico y como parte de las Medidas de Mitigaci\u00f3n Urbana ejecutadas por un desarrollo inmobiliario, la Secretar\u00eda de Movilidad (SEMOVI) informa que concluyeron las labores de mantenimiento de la ciclov\u00eda Adolfo Prieto y del ciclocarril Patricio Sanz, infraestructuras ciclistas ubicadas en la colonia Del Valle de la Alcald\u00eda Benito Ju\u00e1rez.<br><\/p>\n\n\n\n<p>Las labores de intervenci\u00f3n de la ciclov\u00eda Adolfo Prieto contemplaron la rehabilitaci\u00f3n de 2.2 kil\u00f3metros lineales, mientras que el ciclocarril Patricio Sanz cont\u00f3 con trabajos de consolidaci\u00f3n en 2 kil\u00f3metros, ambos desde la calle Beistegui hasta el Eje 7 Sur F\u00e9lix Cuevas. Los trabajos realizados representan el mejoramiento de estas infraestructuras ciclistas, pues gracias a la restauraci\u00f3n de los dos tramos, ahora se contar\u00e1 con se\u00f1alamiento horizontal y dispositivos de control de tr\u00e1nsito como vialetones y balizas flexibles, adem\u00e1s de tener mantenimiento integral a la v\u00eda.<br><\/p>\n\n\n\n<p>Entre los beneficios obtenidos con estas Medidas de Mitigaci\u00f3n Urbana enfocadas a la movilidad ciclista destaca la conectividad con otros tipos de infraestructura como el Trole-bici Eje 7 Sur, el ciclocarril Miguel Laurent y el ciclocarril Pilares.<br><\/p>\n\n\n\n<p>Del mismo modo, tambi\u00e9n permitir\u00e1 conectar los viajes con transportes de la Red de Movilidad Integrada (MI) como la L\u00ednea 12 del Sistema de Transporte Colectivo (STC) Metro, la L\u00ednea 3 del Sistema de Trolebuses del Servicio de Transportes El\u00e9ctricos y cicloestaciones del Sistema de Bicicletas P\u00fablicas ECOBICI.<br><\/p>\n\n\n\n<p>Con estas acciones, el Gobierno de la Ciudad de M\u00e9xico se compromete a continuar trabajando para ofrecer a las y los ciclistas, espacios seguros que permitan una mejor experiencia de viaje, promoviendo la seguridad vial, la movilidad sustentable y el cuidado del medio ambiente.<\/p>\n","protected":false},"excerpt":{"rendered":"<p>Entre los beneficios obtenidos destaca la conectividad con otros tipos de infraestructura como el Trole-bici Eje 7 Sur, el ciclocarril Miguel Laurent y el ciclocarril Pilares. Para mejorar la experiencia de viaje de las personas que se trasladan en bicicleta en la Ciudad de M\u00e9xico y como parte de las Medidas de Mitigaci\u00f3n Urbana ejecutadas [&hellip;]<\/p>\n","protected":false},"author":1,"featured_media":68236,"comment_status":"closed","ping_status":"closed","sticky":false,"template":"","format":"standard","meta":{"footnotes":""},"categories":[35],"tags":[],"class_list":["post-68235","post","type-post","status-publish","format-standard","has-post-thumbnail","hentry","category-cdmx"],"_links":{"self":[{"href":"https:\/\/elinformante.mx\/index.php?rest_route=\/wp\/v2\/posts\/68235","targetHints":{"allow":["GET"]}}],"collection":[{"href":"https:\/\/elinformante.mx\/index.php?rest_route=\/wp\/v2\/posts"}],"about":[{"href":"https:\/\/elinformante.mx\/index.php?rest_route=\/wp\/v2\/types\/post"}],"author":[{"embeddable":true,"href":"https:\/\/elinformante.mx\/index.php?rest_route=\/wp\/v2\/users\/1"}],"replies":[{"embeddable":true,"href":"https:\/\/elinformante.mx\/index.php?rest_route=%2Fwp%2Fv2%2Fcomments&post=68235"}],"version-history":[{"count":0,"href":"https:\/\/elinformante.mx\/index.php?rest_route=\/wp\/v2\/posts\/68235\/revisions"}],"wp:featuredmedia":[{"embeddable":true,"href":"https:\/\/elinformante.mx\/index.php?rest_route=\/wp\/v2\/media\/68236"}],"wp:attachment":[{"href":"https:\/\/elinformante.mx\/index.php?rest_route=%2Fwp%2Fv2%2Fmedia&parent=68235"}],"wp:term":[{"taxonomy":"category","embeddable":true,"href":"https:\/\/elinformante.mx\/index.php?rest_route=%2Fwp%2Fv2%2Fcategories&post=68235"},{"taxonomy":"post_tag","embeddable":true,"href":"https:\/\/elinformante.mx\/index.php?rest_route=%2Fwp%2Fv2%2Ftags&post=68235"}],"curies":[{"name":"wp","href":"https:\/\/api.w.org\/{rel}","templated":true}]}}