{"id":68238,"date":"2024-11-06T06:50:30","date_gmt":"2024-11-06T12:50:30","guid":{"rendered":"https:\/\/elinformante.mx\/?p=68238"},"modified":"2024-11-06T06:50:51","modified_gmt":"2024-11-06T12:50:51","slug":"clara-brugada-atiende-mas-de800-solicitudes-en-quinta-jornada-de-atencion-ciudadana","status":"publish","type":"post","link":"https:\/\/elinformante.mx\/?p=68238","title":{"rendered":"Clara Brugada atiende m\u00e1s de 800 solicitudes en quinta jornada de atenci\u00f3n ciudadana"},"content":{"rendered":"\n<figure class=\"wp-block-pullquote\"><blockquote><p>La mandataria capitalina cumple un mes al frente de la Jefatura de Gobierno de la Ciudad de M\u00e9xico, desde donde impulsa los proyectos prioritarios que sostendr\u00e1n su sexenio<\/p><\/blockquote><\/figure>\n\n\n\n<p class=\"has-drop-cap\">La jefa de Gobierno, Clara Brugada Molina, encabez\u00f3 la quinta jornada de \u201cZ\u00f3calo de Gobierno Ciudadano\u201d en la explanada de la Plaza de la Constituci\u00f3n, donde dio atenci\u00f3n personalizada a 20 familias, mientras integrantes del Gabinete capitalino dieron atenci\u00f3n a 850 solicitudes.<br><\/p>\n\n\n\n<p>Este primer mes estuvo marcado por el anuncio de proyectos de urbanismo social, infraestructura y movilidad como la Licencia de conducir permanente; la pr\u00f3xima consolidaci\u00f3n del Sistema P\u00fablico de Cuidados,la construcci\u00f3n de 100 Unidades de Transformaci\u00f3n y Organizaci\u00f3n para la Inclusi\u00f3n y la Armon\u00eda Social (Utop\u00edas); el arranque del \u201cBachet\u00f3n\u201d; y la instalaci\u00f3n de los gabinetes de seguridad y del agua.<br><\/p>\n\n\n\n<p>Este programa busca fomentar la cercan\u00eda entre los habitantes de la capital y el gobierno local, brindando una plataforma directa para la resoluci\u00f3n de problemas y necesidades en diversos \u00e1mbitos.<br><\/p>\n\n\n\n<p>Durante el evento, la mandataria brind\u00f3 atenci\u00f3n personalizada a 20 familias, escuchando de primera mano sus necesidades y propuestas. A su vez, los titulares de distintas dependencias del Gobierno capitalino se sumaron a esta iniciativa, proporcionando atenci\u00f3n y seguimiento a alrededor de 850 solicitudes. Esta estrategia refuerza el modelo de gobierno cercano que ha caracterizado a la administraci\u00f3n de Brugada y fomenta la participaci\u00f3n activa de los ciudadanos.<br><\/p>\n\n\n\n<p>En el Z\u00f3calo capitalino estuvieron presentes los titulares de las distintas dependencias del Gobierno de la Ciudad de M\u00e9xico, como el secretario de Gobierno (SECGOB), C\u00e9sar Cravioto Romero; la secretaria de Medio Ambiente (SEDEMA), Julia \u00c1lvarez Icaza Ram\u00edrez; el secretario de Administraci\u00f3n y Finanzas (SAF), Juan Pablo de Botton Falc\u00f3n; el secretario de Educaci\u00f3n, Ciencia, Tecnolog\u00eda e Innovaci\u00f3n (SECTEI), Pablo Enrique Yanes Rizo; y la secretaria de Cultura, Alejandra Frausto Guerrero.<br><\/p>\n\n\n\n<p>Adem\u00e1s, se cont\u00f3 con la presencia del secretario de Movilidad (SEMOVI), H\u00e9ctor Ulises Garc\u00eda Nieto; el secretario de Vivienda, Inti Mu\u00f1oz Santini; la secretaria de Bienestar e Igualdad Social (SEBIEN), Araceli Dami\u00e1n Gonzalez; la secretaria de Mujeres (SEMUJERES), Daptnhe Cuevas Ortiz; la secretaria de Salud (SEDESA), Nadine Flora Gasman Zylbermann; y el secretario de Gesti\u00f3n Integral del Agua, Jos\u00e9 Mario Esparza Hernandez.<br><\/p>\n\n\n\n<p>Tambi\u00e9n asistieron el coordinador del Centro de Comando, Control, C\u00f3mputo, Comunicaciones y Contacto Ciudadano (C5), Salvador Guerrero Chipr\u00e9s; y el coordinador General de Investigaci\u00f3n Territorial en Ejercicio de la Suplencia de la Persona Titular de la Fiscal\u00eda General de Justicia de la Ciudad de M\u00e9xico, Ulises Lara L\u00f3pez; el titular de la Agencia Digital de Innovaci\u00f3n P\u00fablica (ADIP), \u00c1ngel Augusto Tamariz S\u00e1nchez; y la consejera Jur\u00eddica, Er\u00e9ndira Cruzvillegas Fuentes.<\/p>\n","protected":false},"excerpt":{"rendered":"<p>La mandataria capitalina cumple un mes al frente de la Jefatura de Gobierno de la Ciudad de M\u00e9xico, desde donde impulsa los proyectos prioritarios que sostendr\u00e1n su sexenio La jefa de Gobierno, Clara Brugada Molina, encabez\u00f3 la quinta jornada de \u201cZ\u00f3calo de Gobierno Ciudadano\u201d en la explanada de la Plaza de la Constituci\u00f3n, donde dio [&hellip;]<\/p>\n","protected":false},"author":1,"featured_media":68239,"comment_status":"closed","ping_status":"closed","sticky":false,"template":"","format":"standard","meta":{"footnotes":""},"categories":[35,30],"tags":[],"class_list":["post-68238","post","type-post","status-publish","format-standard","has-post-thumbnail","hentry","category-cdmx","category-destacado"],"_links":{"self":[{"href":"https:\/\/elinformante.mx\/index.php?rest_route=\/wp\/v2\/posts\/68238","targetHints":{"allow":["GET"]}}],"collection":[{"href":"https:\/\/elinformante.mx\/index.php?rest_route=\/wp\/v2\/posts"}],"about":[{"href":"https:\/\/elinformante.mx\/index.php?rest_route=\/wp\/v2\/types\/post"}],"author":[{"embeddable":true,"href":"https:\/\/elinformante.mx\/index.php?rest_route=\/wp\/v2\/users\/1"}],"replies":[{"embeddable":true,"href":"https:\/\/elinformante.mx\/index.php?rest_route=%2Fwp%2Fv2%2Fcomments&post=68238"}],"version-history":[{"count":0,"href":"https:\/\/elinformante.mx\/index.php?rest_route=\/wp\/v2\/posts\/68238\/revisions"}],"wp:featuredmedia":[{"embeddable":true,"href":"https:\/\/elinformante.mx\/index.php?rest_route=\/wp\/v2\/media\/68239"}],"wp:attachment":[{"href":"https:\/\/elinformante.mx\/index.php?rest_route=%2Fwp%2Fv2%2Fmedia&parent=68238"}],"wp:term":[{"taxonomy":"category","embeddable":true,"href":"https:\/\/elinformante.mx\/index.php?rest_route=%2Fwp%2Fv2%2Fcategories&post=68238"},{"taxonomy":"post_tag","embeddable":true,"href":"https:\/\/elinformante.mx\/index.php?rest_route=%2Fwp%2Fv2%2Ftags&post=68238"}],"curies":[{"name":"wp","href":"https:\/\/api.w.org\/{rel}","templated":true}]}}