{"id":68254,"date":"2024-11-06T07:04:03","date_gmt":"2024-11-06T13:04:03","guid":{"rendered":"https:\/\/elinformante.mx\/?p=68254"},"modified":"2024-11-06T07:04:03","modified_gmt":"2024-11-06T13:04:03","slug":"listos","status":"publish","type":"post","link":"https:\/\/elinformante.mx\/?p=68254","title":{"rendered":"\u00bfLISTOS?"},"content":{"rendered":"\n<figure class=\"wp-block-pullquote\"><blockquote><p><strong>Por: Alexia Bautista<\/strong><\/p><\/blockquote><\/figure>\n\n\n\n<p class=\"has-drop-cap\">Hace unos d\u00edas el secretario de Relaciones Exteriores, Juan Ram\u00f3n de la Fuente, afirm\u00f3 en una entrevista que M\u00e9xico est\u00e1 listo para cualquier escenario en la elecci\u00f3n presidencial de Estados Unidos, ya sea una victoria de Donald Trump o de Kamala Harris. Dijo que, aunque hay incertidumbre sobre el resultado final, \u2014cito textual\u2014 \u201cno hay una raz\u00f3n particular para preocuparnos o alarmarnos\u201d porque nuestro pa\u00eds est\u00e1 preparado para \u201cdar continuidad a la buena relaci\u00f3n con Estados Unidos\u201d.<br><\/p>\n\n\n\n<p>Es cierto que la relaci\u00f3n continuar\u00e1. Los lazos bilaterales que unen a ambos pa\u00edses son antiguos, profundos y altamente institucionalizados. Sin embargo, lo que no es cierto es que no haya motivo de preocupaci\u00f3n. Como en cualquier relaci\u00f3n, sea entre pa\u00edses o individuos, esta puede mantenerse en buenos t\u00e9rminos o convertirse en un infierno. En el caso de la relaci\u00f3n bilateral entre M\u00e9xico y Estados Unidos existe un gran potencial de conflicto, en particular frente a una victoria de Donald Trump, pero no solo.<br><\/p>\n\n\n\n<p>Al momento de escribir este texto, a\u00fan no conocemos el resultado de la elecci\u00f3n. Lo que s\u00ed sabemos es que el candidato republicano ha sido expl\u00edcito en sus amenazas contra M\u00e9xico. En la recta final de su campa\u00f1a, Trump estuvo en Raleigh, Carolina del Norte, donde envi\u00f3 un mensaje a la presidenta Claudia Sheinbaum. Dijo que impondr\u00e1 un arancel del 25% a todas las exportaciones mexicanas si no frena el flujo de drogas y criminales que cruzan a Estados Unidos desde M\u00e9xico. Asimismo, el 18 de julio de este a\u00f1o, cuando acept\u00f3 la candidatura republicana, prometi\u00f3 regresar la manufactura automotriz a su pa\u00eds, al tiempo que subray\u00f3 que China utiliza a M\u00e9xico como una \u201cpuerta trasera\u201d al mercado estadounidense.<br><\/p>\n\n\n\n<p>Nota para los funcionarios mexicanos: Trump inici\u00f3 y termin\u00f3 su campa\u00f1a mencionando a M\u00e9xico. Primer motivo de preocupaci\u00f3n. Hay quienes piensan que la ret\u00f3rica confrontativa de Trump es puro ruido, pero algunos de sus excolaboradores, como Steve Bannon, han advertido que \u201cviene recargado.\u201d Mal har\u00edamos todos en subestimarlo.<br><\/p>\n\n\n\n<p>A las amenazas arancelarias y la revisi\u00f3n del Tratado de Libre Comercio (T-MEC), que se perfila como un proceso complejo bajo cualquier escenario, se suman los se\u00f1alamientos contra M\u00e9xico en la guerra contra el narcotr\u00e1fico, la promesa de Trump de llevar a cabo un mill\u00f3n de deportaciones anuales, y la volatilidad del peso mexicano en un mercado cauteloso por la elecci\u00f3n estadounidense. Segundo motivo de preocupaci\u00f3n.<br><\/p>\n\n\n\n<p>Adem\u00e1s, parece haber consenso entre analistas de que la llegada de Trump a la presidencia alterar\u00eda el orden internacional liberal del que M\u00e9xico forma parte, un paradigma que, aunque imperfecto, ha promovido valores como la democracia, los derechos humanos y el libre comercio. Este cambio tendr\u00eda consecuencias globales, por ejemplo, con un giro hacia el proteccionismo comercial o si Estados Unidos decide abandonar la lucha contra el cambio clim\u00e1tico. Tercer motivo de preocupaci\u00f3n.<br><\/p>\n\n\n\n<p>Es com\u00fan que los funcionarios de gobierno env\u00eden mensajes gen\u00e9ricos, que dicen muy poco, con el prop\u00f3sito de mantener la calma o simplemente de controlar el mensaje que replican los medios. Desde mi perspectiva, en este caso espec\u00edfico, lejos de las declaraciones vac\u00edas sobre la \u201cbuena salud\u201d de la relaci\u00f3n bilateral, la administraci\u00f3n har\u00eda bien en reconocer la realidad: la elecci\u00f3n de este martes 5 de noviembre es la contienda internacional m\u00e1s consecuente para el futuro de M\u00e9xico. Es posible hacerlo con diplomacia y sin caer en el catastrofismo.<br><\/p>\n\n\n\n<p>Desafortunadamente, es dif\u00edcil no permanecer esc\u00e9ptico sobre qu\u00e9 tan preparado est\u00e1 M\u00e9xico para lidiar con el pr\u00f3ximo gobierno estadounidense, especialmente con declaraciones como las del canciller. No solamente eso, tambi\u00e9n los claros signos de desgaste en la relaci\u00f3n bilateral en los \u00faltimos meses, como el intercambio p\u00fablico de reproches entre ambos pa\u00edses, primero por la reforma judicial y luego por la ola de violencia que azota a Sinaloa. Todo esto, sin mencionar el connato de crisis constitucional que enfrenta M\u00e9xico internamente.<\/p>\n","protected":false},"excerpt":{"rendered":"<p>Por: Alexia Bautista Hace unos d\u00edas el secretario de Relaciones Exteriores, Juan Ram\u00f3n de la Fuente, afirm\u00f3 en una entrevista que M\u00e9xico est\u00e1 listo para cualquier escenario en la elecci\u00f3n presidencial de Estados Unidos, ya sea una victoria de Donald Trump o de Kamala Harris. Dijo que, aunque hay incertidumbre sobre el resultado final, \u2014cito [&hellip;]<\/p>\n","protected":false},"author":1,"featured_media":68255,"comment_status":"closed","ping_status":"closed","sticky":false,"template":"","format":"standard","meta":{"footnotes":""},"categories":[32],"tags":[],"class_list":["post-68254","post","type-post","status-publish","format-standard","has-post-thumbnail","hentry","category-editorial"],"_links":{"self":[{"href":"https:\/\/elinformante.mx\/index.php?rest_route=\/wp\/v2\/posts\/68254","targetHints":{"allow":["GET"]}}],"collection":[{"href":"https:\/\/elinformante.mx\/index.php?rest_route=\/wp\/v2\/posts"}],"about":[{"href":"https:\/\/elinformante.mx\/index.php?rest_route=\/wp\/v2\/types\/post"}],"author":[{"embeddable":true,"href":"https:\/\/elinformante.mx\/index.php?rest_route=\/wp\/v2\/users\/1"}],"replies":[{"embeddable":true,"href":"https:\/\/elinformante.mx\/index.php?rest_route=%2Fwp%2Fv2%2Fcomments&post=68254"}],"version-history":[{"count":0,"href":"https:\/\/elinformante.mx\/index.php?rest_route=\/wp\/v2\/posts\/68254\/revisions"}],"wp:featuredmedia":[{"embeddable":true,"href":"https:\/\/elinformante.mx\/index.php?rest_route=\/wp\/v2\/media\/68255"}],"wp:attachment":[{"href":"https:\/\/elinformante.mx\/index.php?rest_route=%2Fwp%2Fv2%2Fmedia&parent=68254"}],"wp:term":[{"taxonomy":"category","embeddable":true,"href":"https:\/\/elinformante.mx\/index.php?rest_route=%2Fwp%2Fv2%2Fcategories&post=68254"},{"taxonomy":"post_tag","embeddable":true,"href":"https:\/\/elinformante.mx\/index.php?rest_route=%2Fwp%2Fv2%2Ftags&post=68254"}],"curies":[{"name":"wp","href":"https:\/\/api.w.org\/{rel}","templated":true}]}}