{"id":69415,"date":"2024-11-22T06:18:03","date_gmt":"2024-11-22T12:18:03","guid":{"rendered":"https:\/\/elinformante.mx\/?p=69415"},"modified":"2024-11-22T06:18:05","modified_gmt":"2024-11-22T12:18:05","slug":"importante-reconocer-a-la-administracion-universitaria-de-la-uaemex-por-su-compromiso-con-las-juventudes-cebd","status":"publish","type":"post","link":"https:\/\/elinformante.mx\/?p=69415","title":{"rendered":"Importante reconocer a la Administraci\u00f3n Universitaria de la UAEM\u00e9x por su compromiso con las juventudes: CEBD"},"content":{"rendered":"\n<figure class=\"wp-block-pullquote\"><blockquote><p>La UAEM\u00e9x devel\u00f3 una placa del testimonio hist\u00f3rico de universitarias y universitarios que recibieron por parte del Poder Ejecutivo del Gobierno de la entidad, el Premio Estatal de la Juventud en el periodo 2021-2024.<\/p><\/blockquote><\/figure>\n\n\n\n<p class=\"has-drop-cap\">En el marco de la celebraci\u00f3n del D\u00eda Internacional de las y los Estudiantes, la Universidad Aut\u00f3noma del Estado de M\u00e9xico (UAEM\u00e9x) devel\u00f3 una placa del testimonio hist\u00f3rico de universitarias y universitarios que recibieron por parte del Poder Ejecutivo del Gobierno de la entidad el Premio Estatal de la Juventud en los a\u00f1os 2021, 2022, 2023 y 2024.<br><\/p>\n\n\n\n<p>El rector de la UAEM\u00e9x, Carlos Eduardo Barrera D\u00edaz, acompa\u00f1ado del director General del Instituto Mexiquense de la Juventud (IMEJ), Sergio Jassiel Zamora L\u00f3pez, coment\u00f3 que esta conmemoraci\u00f3n destaca la importancia de la figura de las y los estudiantes y su papel transformador en la sociedad.<br><\/p>\n\n\n\n<p>Barrera D\u00edaz afirm\u00f3 que la educaci\u00f3n es un derecho fundamental de todas las personas y la clave para la construcci\u00f3n de sociedades justas y equitativas, por lo cual la M\u00e1xima Casa de Estudios mexiquense reafirm\u00f3 su compromiso con la vanguardia educativa al ser reconocida por cuarto a\u00f1o consecutivo por el ranking Times Higher Education (THE) como la mejor universidad p\u00fablica estatal de M\u00e9xico, brindando los mejores servicios a las y los estudiantes que se forman en ella.<br><\/p>\n\n\n\n<figure class=\"wp-block-image size-large\"><img fetchpriority=\"high\" decoding=\"async\" width=\"1024\" height=\"503\" src=\"https:\/\/elinformante.mx\/wp-content\/uploads\/2024\/11\/10uaemex-8-1024x503.jpg\" alt=\"\" class=\"wp-image-69418\" srcset=\"https:\/\/elinformante.mx\/wp-content\/uploads\/2024\/11\/10uaemex-8-1024x503.jpg 1024w, https:\/\/elinformante.mx\/wp-content\/uploads\/2024\/11\/10uaemex-8-300x147.jpg 300w, https:\/\/elinformante.mx\/wp-content\/uploads\/2024\/11\/10uaemex-8-768x377.jpg 768w, https:\/\/elinformante.mx\/wp-content\/uploads\/2024\/11\/10uaemex-8-580x285.jpg 580w, https:\/\/elinformante.mx\/wp-content\/uploads\/2024\/11\/10uaemex-8-860x422.jpg 860w, https:\/\/elinformante.mx\/wp-content\/uploads\/2024\/11\/10uaemex-8.jpg 1140w\" sizes=\"(max-width: 1024px) 100vw, 1024px\" \/><\/figure>\n\n\n\n<p>\u201cReconocer al alumnado desde sus esfuerzos individuales y colectivos implica un gran paso hacia el mejoramiento de la calidad de la educaci\u00f3n entendiendo su rol y participaci\u00f3n colaborativa, por ello, a la comunidad universitaria le invito a nunca desistir y a siempre optar por la ruta del \u00e9xito\u201d, dijo.<br><\/p>\n\n\n\n<p>Zamora L\u00f3pez resalt\u00f3 que para el IMEJ la entrega del Premio Estatal de la Juventud es un gran orgullo, pues muchas de las personas reconocidas con este galard\u00f3n siguen incidiendo de manera real y profunda en lugares de toma de decisiones en los diferentes sectores y modalidades en las que fueron reconocidas, por lo que su trabajo sigue siendo tangible dentro de la sociedad mexiquense.<br><\/p>\n\n\n\n<p>Reconoci\u00f3 a la UAEM\u00e9x por su incansable compromiso con las juventudes mexiquenses, pues adem\u00e1s de inmortalizar sus nombres en este acto, ha permitido su desarrollo en el pleno ejercicio de sus derechos, a fin de alcanzar el estatus de bienestar deseado al sumar voluntades con el IMEJ.<br><\/p>\n\n\n\n<p>Por su parte, el representante de las juventudes galardonadas, Eliot Fernando Cruz D\u00edaz, asever\u00f3 que las juventudes tienen una gran capacidad de transformaci\u00f3n en la sociedad al trabajar en la b\u00fasqueda de un bienestar colectivo, por lo que agradeci\u00f3 a la Administraci\u00f3n Universitaria 2021-2025 de la UAEM\u00e9x por su liderazgo que ha permitido florecer el potencial de sus estudiantes y por hacer historia al dejar testimonio de quienes representan a su comunidad.<\/p>\n","protected":false},"excerpt":{"rendered":"<p>La UAEM\u00e9x devel\u00f3 una placa del testimonio hist\u00f3rico de universitarias y universitarios que recibieron por parte del Poder Ejecutivo del Gobierno de la entidad, el Premio Estatal de la Juventud en el periodo 2021-2024. En el marco de la celebraci\u00f3n del D\u00eda Internacional de las y los Estudiantes, la Universidad Aut\u00f3noma del Estado de M\u00e9xico [&hellip;]<\/p>\n","protected":false},"author":1,"featured_media":69417,"comment_status":"closed","ping_status":"closed","sticky":false,"template":"","format":"standard","meta":{"footnotes":""},"categories":[30,36],"tags":[],"class_list":["post-69415","post","type-post","status-publish","format-standard","has-post-thumbnail","hentry","category-destacado","category-edomex"],"_links":{"self":[{"href":"https:\/\/elinformante.mx\/index.php?rest_route=\/wp\/v2\/posts\/69415","targetHints":{"allow":["GET"]}}],"collection":[{"href":"https:\/\/elinformante.mx\/index.php?rest_route=\/wp\/v2\/posts"}],"about":[{"href":"https:\/\/elinformante.mx\/index.php?rest_route=\/wp\/v2\/types\/post"}],"author":[{"embeddable":true,"href":"https:\/\/elinformante.mx\/index.php?rest_route=\/wp\/v2\/users\/1"}],"replies":[{"embeddable":true,"href":"https:\/\/elinformante.mx\/index.php?rest_route=%2Fwp%2Fv2%2Fcomments&post=69415"}],"version-history":[{"count":0,"href":"https:\/\/elinformante.mx\/index.php?rest_route=\/wp\/v2\/posts\/69415\/revisions"}],"wp:featuredmedia":[{"embeddable":true,"href":"https:\/\/elinformante.mx\/index.php?rest_route=\/wp\/v2\/media\/69417"}],"wp:attachment":[{"href":"https:\/\/elinformante.mx\/index.php?rest_route=%2Fwp%2Fv2%2Fmedia&parent=69415"}],"wp:term":[{"taxonomy":"category","embeddable":true,"href":"https:\/\/elinformante.mx\/index.php?rest_route=%2Fwp%2Fv2%2Fcategories&post=69415"},{"taxonomy":"post_tag","embeddable":true,"href":"https:\/\/elinformante.mx\/index.php?rest_route=%2Fwp%2Fv2%2Ftags&post=69415"}],"curies":[{"name":"wp","href":"https:\/\/api.w.org\/{rel}","templated":true}]}}