{"id":69431,"date":"2024-11-22T06:32:58","date_gmt":"2024-11-22T12:32:58","guid":{"rendered":"https:\/\/elinformante.mx\/?p=69431"},"modified":"2024-11-22T06:32:59","modified_gmt":"2024-11-22T12:32:59","slug":"la-reforma-judicial-estara-lista-en-diciembre-duarte-olivares","status":"publish","type":"post","link":"https:\/\/elinformante.mx\/?p=69431","title":{"rendered":"La Reforma Judicial estar\u00e1 lista en diciembre: Duarte Olivares"},"content":{"rendered":"\n<figure class=\"wp-block-pullquote\"><blockquote><p>El Secretario General de Gobierno, Horacio Duarte Olivares, acudi\u00f3 al Quinto informe del Presidente del Tribunal Superior de Justicia del Edom\u00e9x, Ricardo Sodi<\/p><\/blockquote><\/figure>\n\n\n\n<p class=\"has-drop-cap\">Al asistir al Quinto Informe del Magistrado Presidente del Poder Judicial estatal, Ricardo Sodi Cuellar, el Secretario General de Gobierno, Horacio Duarte Olivares asegur\u00f3 que hay condiciones para que en el Estado de M\u00e9xico se apruebe una Reforma Constitucional local que desarrolle e implemente la llamada Reforma Judicial.<br><\/p>\n\n\n\n<figure class=\"wp-block-image size-large\"><img fetchpriority=\"high\" decoding=\"async\" width=\"1024\" height=\"503\" src=\"https:\/\/elinformante.mx\/wp-content\/uploads\/2024\/11\/8la-reforma-3-1024x503.jpg\" alt=\"\" class=\"wp-image-69433\" srcset=\"https:\/\/elinformante.mx\/wp-content\/uploads\/2024\/11\/8la-reforma-3-1024x503.jpg 1024w, https:\/\/elinformante.mx\/wp-content\/uploads\/2024\/11\/8la-reforma-3-300x147.jpg 300w, https:\/\/elinformante.mx\/wp-content\/uploads\/2024\/11\/8la-reforma-3-768x377.jpg 768w, https:\/\/elinformante.mx\/wp-content\/uploads\/2024\/11\/8la-reforma-3-580x285.jpg 580w, https:\/\/elinformante.mx\/wp-content\/uploads\/2024\/11\/8la-reforma-3-860x422.jpg 860w, https:\/\/elinformante.mx\/wp-content\/uploads\/2024\/11\/8la-reforma-3.jpg 1140w\" sizes=\"(max-width: 1024px) 100vw, 1024px\" \/><\/figure>\n\n\n\n<p>Se\u00f1al\u00f3 que hay di\u00e1logo y coincidencias entre los tres poderes, El Ejecutivo, Judicial y Legislativo, para construir una propuesta integral que est\u00e9 en el marco de lo que la Reforma Constitucional federal establece.<br><\/p>\n\n\n\n<figure class=\"wp-block-image size-large\"><img decoding=\"async\" width=\"1024\" height=\"503\" src=\"https:\/\/elinformante.mx\/wp-content\/uploads\/2024\/11\/8la-reforma-2-1024x503.jpg\" alt=\"\" class=\"wp-image-69434\" srcset=\"https:\/\/elinformante.mx\/wp-content\/uploads\/2024\/11\/8la-reforma-2-1024x503.jpg 1024w, https:\/\/elinformante.mx\/wp-content\/uploads\/2024\/11\/8la-reforma-2-300x147.jpg 300w, https:\/\/elinformante.mx\/wp-content\/uploads\/2024\/11\/8la-reforma-2-768x377.jpg 768w, https:\/\/elinformante.mx\/wp-content\/uploads\/2024\/11\/8la-reforma-2-580x285.jpg 580w, https:\/\/elinformante.mx\/wp-content\/uploads\/2024\/11\/8la-reforma-2-860x422.jpg 860w, https:\/\/elinformante.mx\/wp-content\/uploads\/2024\/11\/8la-reforma-2.jpg 1140w\" sizes=\"(max-width: 1024px) 100vw, 1024px\" \/><\/figure>\n\n\n\n<p>En cuanto al presupuesto destinado para la elecci\u00f3n de los Magistrados, el secretario Duarte Olivares se\u00f1al\u00f3 que la Secretar\u00eda de Finanzas est\u00e1 trabajando una propuesta que no afecte los programas sociales, que es la prioridad del gobierno estatal.<br><\/p>\n\n\n\n<figure class=\"wp-block-image size-large\"><img decoding=\"async\" width=\"1024\" height=\"503\" src=\"https:\/\/elinformante.mx\/wp-content\/uploads\/2024\/11\/8la-reforma-4-1024x503.jpg\" alt=\"\" class=\"wp-image-69435\" srcset=\"https:\/\/elinformante.mx\/wp-content\/uploads\/2024\/11\/8la-reforma-4-1024x503.jpg 1024w, https:\/\/elinformante.mx\/wp-content\/uploads\/2024\/11\/8la-reforma-4-300x147.jpg 300w, https:\/\/elinformante.mx\/wp-content\/uploads\/2024\/11\/8la-reforma-4-768x377.jpg 768w, https:\/\/elinformante.mx\/wp-content\/uploads\/2024\/11\/8la-reforma-4-580x285.jpg 580w, https:\/\/elinformante.mx\/wp-content\/uploads\/2024\/11\/8la-reforma-4-860x422.jpg 860w, https:\/\/elinformante.mx\/wp-content\/uploads\/2024\/11\/8la-reforma-4.jpg 1140w\" sizes=\"(max-width: 1024px) 100vw, 1024px\" \/><\/figure>\n\n\n\n<p>Con esta postura, el Gobierno del Estado de M\u00e9xico busca avanzar en una reforma que fortalezca el Poder Judicial sin comprometer los recursos destinados a las prioridades sociales y operativas del estado.<\/p>\n","protected":false},"excerpt":{"rendered":"<p>El Secretario General de Gobierno, Horacio Duarte Olivares, acudi\u00f3 al Quinto informe del Presidente del Tribunal Superior de Justicia del Edom\u00e9x, Ricardo Sodi Al asistir al Quinto Informe del Magistrado Presidente del Poder Judicial estatal, Ricardo Sodi Cuellar, el Secretario General de Gobierno, Horacio Duarte Olivares asegur\u00f3 que hay condiciones para que en el Estado [&hellip;]<\/p>\n","protected":false},"author":1,"featured_media":69432,"comment_status":"closed","ping_status":"closed","sticky":false,"template":"","format":"standard","meta":{"footnotes":""},"categories":[30,36,31],"tags":[46],"class_list":["post-69431","post","type-post","status-publish","format-standard","has-post-thumbnail","hentry","category-destacado","category-edomex","category-portada","tag-portadaedomex"],"_links":{"self":[{"href":"https:\/\/elinformante.mx\/index.php?rest_route=\/wp\/v2\/posts\/69431","targetHints":{"allow":["GET"]}}],"collection":[{"href":"https:\/\/elinformante.mx\/index.php?rest_route=\/wp\/v2\/posts"}],"about":[{"href":"https:\/\/elinformante.mx\/index.php?rest_route=\/wp\/v2\/types\/post"}],"author":[{"embeddable":true,"href":"https:\/\/elinformante.mx\/index.php?rest_route=\/wp\/v2\/users\/1"}],"replies":[{"embeddable":true,"href":"https:\/\/elinformante.mx\/index.php?rest_route=%2Fwp%2Fv2%2Fcomments&post=69431"}],"version-history":[{"count":0,"href":"https:\/\/elinformante.mx\/index.php?rest_route=\/wp\/v2\/posts\/69431\/revisions"}],"wp:featuredmedia":[{"embeddable":true,"href":"https:\/\/elinformante.mx\/index.php?rest_route=\/wp\/v2\/media\/69432"}],"wp:attachment":[{"href":"https:\/\/elinformante.mx\/index.php?rest_route=%2Fwp%2Fv2%2Fmedia&parent=69431"}],"wp:term":[{"taxonomy":"category","embeddable":true,"href":"https:\/\/elinformante.mx\/index.php?rest_route=%2Fwp%2Fv2%2Fcategories&post=69431"},{"taxonomy":"post_tag","embeddable":true,"href":"https:\/\/elinformante.mx\/index.php?rest_route=%2Fwp%2Fv2%2Ftags&post=69431"}],"curies":[{"name":"wp","href":"https:\/\/api.w.org\/{rel}","templated":true}]}}