{"id":69447,"date":"2024-11-22T06:43:50","date_gmt":"2024-11-22T12:43:50","guid":{"rendered":"https:\/\/elinformante.mx\/?p=69447"},"modified":"2024-11-22T06:43:51","modified_gmt":"2024-11-22T12:43:51","slug":"clara-brugada-anuncia-creacion-de-agencia-de-gestion-integral-de-residuos-en-cdmx","status":"publish","type":"post","link":"https:\/\/elinformante.mx\/?p=69447","title":{"rendered":"Clara Brugada anuncia creaci\u00f3n de Agencia de Gesti\u00f3n Integral de Residuos en CDMX"},"content":{"rendered":"\n<figure class=\"wp-block-pullquote\"><blockquote><p>Bajo el lema de \u201cla basura que se separa no es basura\u201d, se busca alcanzar cero residuos s\u00f3lidos en el mediano plazo, expuso la jefa de Gobierno<\/p><\/blockquote><\/figure>\n\n\n\n<p class=\"has-drop-cap\">La jefa de Gobierno, Clara Brugada Molina, anunci\u00f3 la creaci\u00f3n de la Agencia de Gesti\u00f3n Integral de Residuos (AGIR), que va a servir para aumentar el aprovechamiento y valorizaci\u00f3n de las 12 mil 454 toneladas diarias de residuos generados en la Ciudad de M\u00e9xico, as\u00ed como alinear los esfuerzos de diversas dependencias y alcald\u00edas en este mismo sentido.<br><\/p>\n\n\n\n<p>La mandataria capitalina afirm\u00f3 que \u00fanicamente 22% de la poblaci\u00f3n separa sus residuos, por lo que la agencia iniciar\u00e1 sus actividades con el establecimiento de un esquema de separaci\u00f3n desde los hogares para fortalecer la norma existente en esta materia.<br><\/p>\n\n\n\n<p>Entre los objetivos de la AGIR est\u00e1n los de ser el ente rector de la separaci\u00f3n de residuos; unificar atribuciones; impulsar la econom\u00eda circular para dar valor a los residuos; reducir su generaci\u00f3n; disminuir los impactos negativos al ambiente; bajar la emisi\u00f3n de gases de efecto invernadero, y colocar a la Ciudad de M\u00e9xico a la vanguardia en gesti\u00f3n de residuos.<br><\/p>\n\n\n\n<figure class=\"wp-block-image size-large\"><img fetchpriority=\"high\" decoding=\"async\" width=\"1024\" height=\"503\" src=\"https:\/\/elinformante.mx\/wp-content\/uploads\/2024\/11\/5clara-1-1024x503.jpg\" alt=\"\" class=\"wp-image-69449\" srcset=\"https:\/\/elinformante.mx\/wp-content\/uploads\/2024\/11\/5clara-1-1024x503.jpg 1024w, https:\/\/elinformante.mx\/wp-content\/uploads\/2024\/11\/5clara-1-300x147.jpg 300w, https:\/\/elinformante.mx\/wp-content\/uploads\/2024\/11\/5clara-1-768x377.jpg 768w, https:\/\/elinformante.mx\/wp-content\/uploads\/2024\/11\/5clara-1-580x285.jpg 580w, https:\/\/elinformante.mx\/wp-content\/uploads\/2024\/11\/5clara-1-860x422.jpg 860w, https:\/\/elinformante.mx\/wp-content\/uploads\/2024\/11\/5clara-1.jpg 1140w\" sizes=\"(max-width: 1024px) 100vw, 1024px\" \/><\/figure>\n\n\n\n<p>Agreg\u00f3 que las metas a alcanzar son: la renovaci\u00f3n de 50% del parque vehicular de recolecci\u00f3n, en coordinaci\u00f3n con las alcald\u00edas; alcanzar 50% de eficiencia en la separaci\u00f3n de residuos org\u00e1nicos y el manejo de desechos s\u00f3lidos urbanos inorg\u00e1nicos en plantas de selecci\u00f3n; construir infraestructura para la valorizaci\u00f3n de los residuos org\u00e1nicos, y ser la primera ciudad en Am\u00e9rica que los recicla al 100%.<br><\/p>\n\n\n\n<p>La jefa de Gobierno reconoci\u00f3 que en la administraci\u00f3n pasada hubo un avance importante en el manejo de residuos con la creaci\u00f3n de plantas de separaci\u00f3n, la prohibici\u00f3n de los pl\u00e1sticos de un solo uso y la publicaci\u00f3n de la Ley de Econom\u00eda Circular.<br><\/p>\n\n\n\n<p>La jefa de Gobierno suscribi\u00f3 el acuerdo de creaci\u00f3n de la AGIR y precis\u00f3 que habr\u00e1 un plazo de 180 d\u00edas para la integraci\u00f3n de la Agencia y su conformaci\u00f3n no tendr\u00e1 un costo adicional para la administraci\u00f3n.<br><\/p>\n\n\n\n<p>Por su parte, la secretaria del Medio Ambiente (SEDEMA), Julia \u00c1lvarez Icaza Ram\u00edrez, destac\u00f3 que la creaci\u00f3n de la AGIR permitir\u00e1 dar tratamiento a la basura que se produce diariamente, de la cual el 53 por ciento corresponde a residuos de manejo especial, y 47 por ciento a residuos s\u00f3lidos urbanos org\u00e1nicos e inorg\u00e1nicos.<\/p>\n","protected":false},"excerpt":{"rendered":"<p>Bajo el lema de \u201cla basura que se separa no es basura\u201d, se busca alcanzar cero residuos s\u00f3lidos en el mediano plazo, expuso la jefa de Gobierno La jefa de Gobierno, Clara Brugada Molina, anunci\u00f3 la creaci\u00f3n de la Agencia de Gesti\u00f3n Integral de Residuos (AGIR), que va a servir para aumentar el aprovechamiento y [&hellip;]<\/p>\n","protected":false},"author":1,"featured_media":69448,"comment_status":"closed","ping_status":"closed","sticky":false,"template":"","format":"standard","meta":{"footnotes":""},"categories":[35,30],"tags":[],"class_list":["post-69447","post","type-post","status-publish","format-standard","has-post-thumbnail","hentry","category-cdmx","category-destacado"],"_links":{"self":[{"href":"https:\/\/elinformante.mx\/index.php?rest_route=\/wp\/v2\/posts\/69447","targetHints":{"allow":["GET"]}}],"collection":[{"href":"https:\/\/elinformante.mx\/index.php?rest_route=\/wp\/v2\/posts"}],"about":[{"href":"https:\/\/elinformante.mx\/index.php?rest_route=\/wp\/v2\/types\/post"}],"author":[{"embeddable":true,"href":"https:\/\/elinformante.mx\/index.php?rest_route=\/wp\/v2\/users\/1"}],"replies":[{"embeddable":true,"href":"https:\/\/elinformante.mx\/index.php?rest_route=%2Fwp%2Fv2%2Fcomments&post=69447"}],"version-history":[{"count":0,"href":"https:\/\/elinformante.mx\/index.php?rest_route=\/wp\/v2\/posts\/69447\/revisions"}],"wp:featuredmedia":[{"embeddable":true,"href":"https:\/\/elinformante.mx\/index.php?rest_route=\/wp\/v2\/media\/69448"}],"wp:attachment":[{"href":"https:\/\/elinformante.mx\/index.php?rest_route=%2Fwp%2Fv2%2Fmedia&parent=69447"}],"wp:term":[{"taxonomy":"category","embeddable":true,"href":"https:\/\/elinformante.mx\/index.php?rest_route=%2Fwp%2Fv2%2Fcategories&post=69447"},{"taxonomy":"post_tag","embeddable":true,"href":"https:\/\/elinformante.mx\/index.php?rest_route=%2Fwp%2Fv2%2Ftags&post=69447"}],"curies":[{"name":"wp","href":"https:\/\/api.w.org\/{rel}","templated":true}]}}