{"id":69454,"date":"2024-11-22T06:49:43","date_gmt":"2024-11-22T12:49:43","guid":{"rendered":"https:\/\/elinformante.mx\/?p=69454"},"modified":"2024-11-22T06:49:44","modified_gmt":"2024-11-22T12:49:44","slug":"no-se-viola-el-t-mec-con-la-desaparicion-de-organos-autonomos-ebrard","status":"publish","type":"post","link":"https:\/\/elinformante.mx\/?p=69454","title":{"rendered":"No se viola el T-MEC con la desaparici\u00f3n de \u00f3rganos aut\u00f3nomos: Ebrard"},"content":{"rendered":"\n<figure class=\"wp-block-pullquote\"><blockquote><p>El secretario de Econom\u00eda dijo que en que el tratado de libre comercio para Am\u00e9rica del Norte no existe obligaci\u00f3n entre los pa\u00edses de tener \u00f3rganos aut\u00f3nomos.<\/p><\/blockquote><\/figure>\n\n\n\n<p class=\"has-drop-cap\">El secretario de Econom\u00eda, Marcelo Ebrard, consider\u00f3 que la desaparici\u00f3n de los \u00f3rganos aut\u00f3nomos en M\u00e9xico no viola el Tratado entre M\u00e9xico, Estados Unidos y Canad\u00e1 (T-MEC).<br><\/p>\n\n\n\n<p>Menciom\u00f3 que en el tratado de libre comercio no existe ninguna obligaci\u00f3n entre los dos pa\u00edses de tener \u00f3rganos aut\u00f3nomos, porque no existe en la tradici\u00f3n jur\u00eddica anglosajona, algo que diga que un \u00f3rgano es aut\u00f3nomo, argument\u00f3 el funcionario al participar en la Convenci\u00f3n Anual de la Asociaci\u00f3n Mexicana de Parques Industriales (AMPIP) en Punta de Mita, Nayarit.<br><\/p>\n\n\n\n<p>El Congreso de la Uni\u00f3n desapareci\u00f3, entre otros, al Instituto Nacional de Transparencia, Acceso a la Informaci\u00f3n y Protecci\u00f3n de Datos Personales (Inai), el Instituto Federal de Telecomunicaciones (IFT) y la Comisi\u00f3n Federal de Competencia Econ\u00f3mica (Cofece).<br><\/p>\n\n\n\n<p>El gobierno federal planea que las funciones de estos \u00f3rganos reguladores sean asumidas por secretar\u00edas de Estados y entes desconcentrados.<br><\/p>\n\n\n\n<p>En el T-MEC, las Partes reconocen que las necesidades y enfoques regulatorios difieren seg\u00fan el mercado y que corresponde a la Parte determinar c\u00f3mo implementar sus obligaciones bajo el Cap\u00edtulo de Telecomunicaciones del (Art\u00edculo 18.16).<br><\/p>\n\n\n\n<p>Las Partes garantizar\u00e1n que su organismo regulador de las telecomunicaciones sea independiente de cualquier proveedor de servicios p\u00fablicos de telecomunicaciones (Art\u00edculo 18.17).<br><\/p>\n\n\n\n<p>En M\u00e9xico existen dos autoridades de competencia econ\u00f3mica, la Cofece y el Instituto Federal de Telecomunicaciones (IFT).<br><\/p>\n\n\n\n<p>La Cofece es la autoridad encargada de aplicar la Ley Federal de Competencia Econ\u00f3mica en todos los sectores, excepto en el de las telecomunicaciones y la radiodifusi\u00f3n.<br><\/p>\n\n\n\n<p>El IFT es la autoridad con facultades exclusivas en materia de competencia econ\u00f3mica de los sectores de telecomunicaciones y radiodifusi\u00f3n.<br><\/p>\n\n\n\n<p>El Cap\u00edtulo 18 del T-MEC se aplica a cualquier medida que afecte el comercio de servicios de telecomunicaciones, incluido el acceso y uso de redes o servicios p\u00fablicos de telecomunicaciones, las obligaciones de los proveedores de servicios p\u00fablicos de telecomunicaciones, el suministro de servicios de valor agregado y cualquier otra medida relacionada con redes y servicios de telecomunicaciones (Art\u00edculo 18.2).<\/p>\n","protected":false},"excerpt":{"rendered":"<p>El secretario de Econom\u00eda dijo que en que el tratado de libre comercio para Am\u00e9rica del Norte no existe obligaci\u00f3n entre los pa\u00edses de tener \u00f3rganos aut\u00f3nomos. El secretario de Econom\u00eda, Marcelo Ebrard, consider\u00f3 que la desaparici\u00f3n de los \u00f3rganos aut\u00f3nomos en M\u00e9xico no viola el Tratado entre M\u00e9xico, Estados Unidos y Canad\u00e1 (T-MEC). Menciom\u00f3 [&hellip;]<\/p>\n","protected":false},"author":1,"featured_media":69455,"comment_status":"closed","ping_status":"closed","sticky":false,"template":"","format":"standard","meta":{"footnotes":""},"categories":[30,34],"tags":[],"class_list":["post-69454","post","type-post","status-publish","format-standard","has-post-thumbnail","hentry","category-destacado","category-nacional"],"_links":{"self":[{"href":"https:\/\/elinformante.mx\/index.php?rest_route=\/wp\/v2\/posts\/69454","targetHints":{"allow":["GET"]}}],"collection":[{"href":"https:\/\/elinformante.mx\/index.php?rest_route=\/wp\/v2\/posts"}],"about":[{"href":"https:\/\/elinformante.mx\/index.php?rest_route=\/wp\/v2\/types\/post"}],"author":[{"embeddable":true,"href":"https:\/\/elinformante.mx\/index.php?rest_route=\/wp\/v2\/users\/1"}],"replies":[{"embeddable":true,"href":"https:\/\/elinformante.mx\/index.php?rest_route=%2Fwp%2Fv2%2Fcomments&post=69454"}],"version-history":[{"count":0,"href":"https:\/\/elinformante.mx\/index.php?rest_route=\/wp\/v2\/posts\/69454\/revisions"}],"wp:featuredmedia":[{"embeddable":true,"href":"https:\/\/elinformante.mx\/index.php?rest_route=\/wp\/v2\/media\/69455"}],"wp:attachment":[{"href":"https:\/\/elinformante.mx\/index.php?rest_route=%2Fwp%2Fv2%2Fmedia&parent=69454"}],"wp:term":[{"taxonomy":"category","embeddable":true,"href":"https:\/\/elinformante.mx\/index.php?rest_route=%2Fwp%2Fv2%2Fcategories&post=69454"},{"taxonomy":"post_tag","embeddable":true,"href":"https:\/\/elinformante.mx\/index.php?rest_route=%2Fwp%2Fv2%2Ftags&post=69454"}],"curies":[{"name":"wp","href":"https:\/\/api.w.org\/{rel}","templated":true}]}}