{"id":69464,"date":"2024-11-22T07:00:57","date_gmt":"2024-11-22T13:00:57","guid":{"rendered":"https:\/\/elinformante.mx\/?p=69464"},"modified":"2024-11-22T07:00:58","modified_gmt":"2024-11-22T13:00:58","slug":"adios-autonomos-el-obstaculo-final","status":"publish","type":"post","link":"https:\/\/elinformante.mx\/?p=69464","title":{"rendered":"ADI\u00d3S AUT\u00d3NOMOS, EL OBST\u00c1CULO FINAL"},"content":{"rendered":"\n<figure class=\"wp-block-pullquote\"><blockquote><p><strong>Por: Jos\u00e9 Fonseca<\/strong><\/p><\/blockquote><\/figure>\n\n\n\n<p class=\"has-drop-cap\">Era indispensable la desaparici\u00f3n de los organismos aut\u00f3nomos, incluido el INAI, dispuesta por el \u201cucase\u201d de la lopezobradorista \u201crevoluci\u00f3n de las conciencias\u201d para alcanzar su objetivo de resucitar la Presidencia sin l\u00edmites ni contrapesos.<br><\/p>\n\n\n\n<p>Una obviedad para quienes escuchamos hace m\u00e1s de 20 a\u00f1os la queja de L\u00f3pez Obrador de que los organismos aut\u00f3nomos complican la tarea de gobernar, son una falacia las denuncias, nunca judicializadas, de corrupci\u00f3n de los aut\u00f3nomos.<br><\/p>\n\n\n\n<p>Para los que apagaron, qui\u00e9n sabe por cu\u00e1nto tiempo, nuestra primavera democr\u00e1tica y planean disfrutar, \u201cpersecula seculorum\u201d, de la resurrecci\u00f3n de la Presidencia Imperial del siglo pasado, una buena y una mala. La buena, nada es para siempre, la mala, nada es para siempre.<br><\/p>\n\n\n\n<p>Trans\u00edstmico: una de cal por las de arena<br><\/p>\n\n\n\n<p>En este generoso espacio se ha citado a quienes hace seis a\u00f1os afirmaron que el proyecto del Ferrocarril Trans\u00edstmico era la mejor y m\u00e1s viable de las grandes obras del sexenio. La realidad parece confirmar aquellas acotaciones.<br><\/p>\n\n\n\n<p>Inform\u00f3 la Secretar\u00eda de Marina que dos mil toneladas de grano, de una empresa privada, se transportaron en tolvas graneleras de Salina Cruz, Oaxaca, a sus bodegas en Coatzacoalcos, Veracruz.<br><\/p>\n\n\n\n<p>La empresa paraestatal del Ferrocarril Trans\u00edstmico y la Secretar\u00eda de Marina encargada de la obra de esta plataforma log\u00edstica cuya construcci\u00f3n es comercial y geopol\u00edticamente de excepcional valor. Lo dicho, una de cal por tantas de arena.<br><\/p>\n\n\n\n<p>CDMX, \u00bfuna jubilosa ciudad sin ley?<br><\/p>\n\n\n\n<p>\u201cEl grupo criminal Uni\u00f3n Tepito despoja de sus departamentos a personas de la tercera edad o invade departamentos abandonados en la Unidad Habitacional de Tlatelolco\u201d, informan notas period\u00edsticas.<br><\/p>\n\n\n\n<p>Se suma a denuncias de despojos similares en otras \u00e1reas del Centro de CDMX y, a juzgar por c\u00f3mo se multiplican impunemente, pareciera que los criminales gozan de tolerancia de las alcald\u00edas y del Gobierno de CDMX.<br><\/p>\n\n\n\n<p>Una paradoja que el Gobierno de CDMX anuncie su prop\u00f3sito de atraer inversiones y no haya sido capaz de contener los despojos de apartamentos y viviendas que dejan la impresi\u00f3n de que, pese a sus ventajas, CDMX es una ciudad sin ley.<br><\/p>\n\n\n\n<p>NOTAS EN REMOLINO<br><\/p>\n\n\n\n<p>Las leyes secundarias de la Reforma Judicial enviadas al Congreso por el Ejecutivo Federal, confirman las peores sospechas, pues quienes las revisaron dicen que cuando haya sido renovado el Poder Judicial Federal, no habr\u00e1 v\u00edas para impugnar la constitucionalidad de las leyes\u2026<br><\/p>\n\n\n\n<p>Los viejos llamar\u00edamos picolargada la afirmaci\u00f3n del coordinador de los diputados morenistas Ricardo Monreal de someter a \u201ccirug\u00eda mayor\u201d la propuesta del Presupuesto del 2025\u2026<br><\/p>\n\n\n\n<p>Buena noticia la reuni\u00f3n de la Concamin con organizaciones empresariales norteamericanas que, sin duda, tienen inter\u00e9s en que el di\u00e1logo por el T-MEC sea para mejorar la relaci\u00f3n bilateral\u2026<br><\/p>\n\n\n\n<p>Si la Guardia Nacional, como afirma Sedena, recibe instrucci\u00f3n policial, ojal\u00e1 y as\u00ed los j\u00f3venes guardias act\u00faen menos como simples custodios de escenas del crimen\u2026<br><\/p>\n\n\n\n<p>En esa, digamos competencia, para que se escoja a quien ocupe la Fiscal\u00eda de CDMX, se escuchan promesas singulares, que provocan interrogantes: \u00bfc\u00f3mo har\u00e1 uno de los aspirantes para cumplir con la promesa de \u201cciudadanizar\u201d la Fiscal\u00eda\u2026<br><\/p>\n\n\n\n<p>C\u00ednica frase de W. Fields para tiempos de igualdad: \u201cEstoy libre de todo prejuicio. Odio a todos por igual\u201d \u2026<\/p>\n","protected":false},"excerpt":{"rendered":"<p>Por: Jos\u00e9 Fonseca Era indispensable la desaparici\u00f3n de los organismos aut\u00f3nomos, incluido el INAI, dispuesta por el \u201cucase\u201d de la lopezobradorista \u201crevoluci\u00f3n de las conciencias\u201d para alcanzar su objetivo de resucitar la Presidencia sin l\u00edmites ni contrapesos. Una obviedad para quienes escuchamos hace m\u00e1s de 20 a\u00f1os la queja de L\u00f3pez Obrador de que los [&hellip;]<\/p>\n","protected":false},"author":1,"featured_media":69465,"comment_status":"closed","ping_status":"closed","sticky":false,"template":"","format":"standard","meta":{"footnotes":""},"categories":[32],"tags":[],"class_list":["post-69464","post","type-post","status-publish","format-standard","has-post-thumbnail","hentry","category-editorial"],"_links":{"self":[{"href":"https:\/\/elinformante.mx\/index.php?rest_route=\/wp\/v2\/posts\/69464","targetHints":{"allow":["GET"]}}],"collection":[{"href":"https:\/\/elinformante.mx\/index.php?rest_route=\/wp\/v2\/posts"}],"about":[{"href":"https:\/\/elinformante.mx\/index.php?rest_route=\/wp\/v2\/types\/post"}],"author":[{"embeddable":true,"href":"https:\/\/elinformante.mx\/index.php?rest_route=\/wp\/v2\/users\/1"}],"replies":[{"embeddable":true,"href":"https:\/\/elinformante.mx\/index.php?rest_route=%2Fwp%2Fv2%2Fcomments&post=69464"}],"version-history":[{"count":0,"href":"https:\/\/elinformante.mx\/index.php?rest_route=\/wp\/v2\/posts\/69464\/revisions"}],"wp:featuredmedia":[{"embeddable":true,"href":"https:\/\/elinformante.mx\/index.php?rest_route=\/wp\/v2\/media\/69465"}],"wp:attachment":[{"href":"https:\/\/elinformante.mx\/index.php?rest_route=%2Fwp%2Fv2%2Fmedia&parent=69464"}],"wp:term":[{"taxonomy":"category","embeddable":true,"href":"https:\/\/elinformante.mx\/index.php?rest_route=%2Fwp%2Fv2%2Fcategories&post=69464"},{"taxonomy":"post_tag","embeddable":true,"href":"https:\/\/elinformante.mx\/index.php?rest_route=%2Fwp%2Fv2%2Ftags&post=69464"}],"curies":[{"name":"wp","href":"https:\/\/api.w.org\/{rel}","templated":true}]}}