{"id":69809,"date":"2024-11-26T06:04:16","date_gmt":"2024-11-26T12:04:16","guid":{"rendered":"https:\/\/elinformante.mx\/?p=69809"},"modified":"2024-11-26T06:04:18","modified_gmt":"2024-11-26T12:04:18","slug":"karol-g-ya-tiene-una-muneca-bratz","status":"publish","type":"post","link":"https:\/\/elinformante.mx\/?p=69809","title":{"rendered":"Karol G ya tiene una mu\u00f1eca Bratz"},"content":{"rendered":"\n<figure class=\"wp-block-pullquote\"><blockquote><p>Es la primera artista en tener su mu\u00f1eca de la ic\u00f3nica marca y dio el anuncio de que saldr\u00e1 al p\u00fablico la Bratz x Karol G Collector Doll.<\/p><\/blockquote><\/figure>\n\n\n\n<p class=\"has-drop-cap\">Mediante sus redes sociales, Karol G, revel\u00f3 el lanzamiento de una mu\u00f1eca Bratz que se inspir\u00f3 en la cantante y que saldr\u00e1 a la venta el pr\u00f3ximo 3 de diciembre, por lo que los fans de la cantante ya podr\u00e1n tener un juguete de la famosa y recordar sus m\u00e1s grandes \u00e9xitos en todo momento adem\u00e1s de agregarla a su colecci\u00f3n.<br><\/p>\n\n\n\n<p>Fue en su cuenta de Instagram, donde la Bichota resalt\u00f3 que esta es la primera colaboraci\u00f3n original de Bratz con una artista musical, haciendo historia no solo para su carrera sino tambi\u00e9n para la compa\u00f1\u00eda de mu\u00f1ecas.<br><\/p>\n\n\n\n<p>Por su parte la empresa de la famosa mu\u00f1eca Bratz detall\u00f3, tambi\u00e9n en sus redes sociales que la mu\u00f1eca contar\u00e1 con 3 looks, 3 premios, un mini vinilo de Karol G, adem\u00e1s de una serie de accesorios. Uno de los outfits de la mu\u00f1eca est\u00e1 inspirado en la propia mercanc\u00eda de Karol, incluida una camiseta que hace referencia a su \u00e1lbum Bichota Season, que casualmente gan\u00f3 un Latin Grammy.<br><\/p>\n\n\n\n<figure class=\"wp-block-image size-large\"><img fetchpriority=\"high\" decoding=\"async\" width=\"1024\" height=\"503\" src=\"https:\/\/elinformante.mx\/wp-content\/uploads\/2024\/11\/15karol-1024x503.jpg\" alt=\"\" class=\"wp-image-69811\" srcset=\"https:\/\/elinformante.mx\/wp-content\/uploads\/2024\/11\/15karol-1024x503.jpg 1024w, https:\/\/elinformante.mx\/wp-content\/uploads\/2024\/11\/15karol-300x147.jpg 300w, https:\/\/elinformante.mx\/wp-content\/uploads\/2024\/11\/15karol-768x377.jpg 768w, https:\/\/elinformante.mx\/wp-content\/uploads\/2024\/11\/15karol.jpg 1140w\" sizes=\"(max-width: 1024px) 100vw, 1024px\" \/><\/figure>\n\n\n\n<p>La Bratz incluir\u00e1 un mini trofeo y una mini r\u00e9plica de \u201cMa\u00f1ana ser\u00e1 bonito\u201d, dise\u00f1ada por Humberto Cruz. La mu\u00f1eca Karol G x Bratz se vende por 50 d\u00f3lares (alrededor de mil pesos mexicanos). Tambi\u00e9n revel\u00f3 que la colaboraci\u00f3n estar\u00e1 disponible en tiendas internacionales seleccionadas.<br><\/p>\n\n\n\n<p>Adem\u00e1s, la marca recomend\u00f3 a los fans visitar bratz.com o visitar la tienda m\u00e1s cercana en Espa\u00f1a, M\u00e9xico, Colombia, Per\u00fa y Chile para hacer un pedido antes de que la mu\u00f1eca se agote, ya que se trata de una edici\u00f3n limitada \u00fanicamente para los fans de la int\u00e9rprete de \u201cTusa\u201d.<br><\/p>\n\n\n\n<p>Bratz nunca hab\u00eda trabajado con un m\u00fasico antes, aunque en el pasado tuvo una colaboraci\u00f3n con la modelo y empresaria Kylie Jenner para una l\u00ednea de mu\u00f1ecas, \u201cKylie x Bratz\u201d, adem\u00e1s de una edici\u00f3n limitada para la pel\u00edcula Mean Girls como parte del 20 aniversario del filme protagonizado por Lindsay Lohan.<\/p>\n","protected":false},"excerpt":{"rendered":"<p>Es la primera artista en tener su mu\u00f1eca de la ic\u00f3nica marca y dio el anuncio de que saldr\u00e1 al p\u00fablico la Bratz x Karol G Collector Doll. Mediante sus redes sociales, Karol G, revel\u00f3 el lanzamiento de una mu\u00f1eca Bratz que se inspir\u00f3 en la cantante y que saldr\u00e1 a la venta el pr\u00f3ximo [&hellip;]<\/p>\n","protected":false},"author":1,"featured_media":69810,"comment_status":"closed","ping_status":"closed","sticky":false,"template":"","format":"standard","meta":{"footnotes":""},"categories":[30,39],"tags":[],"class_list":["post-69809","post","type-post","status-publish","format-standard","has-post-thumbnail","hentry","category-destacado","category-espectaculos"],"_links":{"self":[{"href":"https:\/\/elinformante.mx\/index.php?rest_route=\/wp\/v2\/posts\/69809","targetHints":{"allow":["GET"]}}],"collection":[{"href":"https:\/\/elinformante.mx\/index.php?rest_route=\/wp\/v2\/posts"}],"about":[{"href":"https:\/\/elinformante.mx\/index.php?rest_route=\/wp\/v2\/types\/post"}],"author":[{"embeddable":true,"href":"https:\/\/elinformante.mx\/index.php?rest_route=\/wp\/v2\/users\/1"}],"replies":[{"embeddable":true,"href":"https:\/\/elinformante.mx\/index.php?rest_route=%2Fwp%2Fv2%2Fcomments&post=69809"}],"version-history":[{"count":0,"href":"https:\/\/elinformante.mx\/index.php?rest_route=\/wp\/v2\/posts\/69809\/revisions"}],"wp:featuredmedia":[{"embeddable":true,"href":"https:\/\/elinformante.mx\/index.php?rest_route=\/wp\/v2\/media\/69810"}],"wp:attachment":[{"href":"https:\/\/elinformante.mx\/index.php?rest_route=%2Fwp%2Fv2%2Fmedia&parent=69809"}],"wp:term":[{"taxonomy":"category","embeddable":true,"href":"https:\/\/elinformante.mx\/index.php?rest_route=%2Fwp%2Fv2%2Fcategories&post=69809"},{"taxonomy":"post_tag","embeddable":true,"href":"https:\/\/elinformante.mx\/index.php?rest_route=%2Fwp%2Fv2%2Ftags&post=69809"}],"curies":[{"name":"wp","href":"https:\/\/api.w.org\/{rel}","templated":true}]}}