{"id":69823,"date":"2024-11-26T06:10:09","date_gmt":"2024-11-26T12:10:09","guid":{"rendered":"https:\/\/elinformante.mx\/?p=69823"},"modified":"2024-11-26T06:10:12","modified_gmt":"2024-11-26T12:10:12","slug":"es-condenado-a-31-anos-de-prision-por-agredir-a-una-menor-de-edad-en-valle-de-chalco","status":"publish","type":"post","link":"https:\/\/elinformante.mx\/?p=69823","title":{"rendered":"Es condenado a 31 a\u00f1os de prisi\u00f3n por agredir a una menor de edad en Valle de Chalco"},"content":{"rendered":"\n<figure class=\"wp-block-pullquote\"><blockquote><p>Este individuo entreg\u00f3 dinero a una mujer, para que esta, a su vez, obligara a una ni\u00f1a de entonces 11 a\u00f1os de edad a sostener relaciones sexuales con \u00e9l.<\/p><\/blockquote><\/figure>\n\n\n\n<p class=\"has-drop-cap\">Un individuo identificado como Jaime Casta\u00f1eda Mart\u00ednez fue sentenciado a 31 a\u00f1os y 6 meses de prisi\u00f3n, despu\u00e9s de que la Fiscal\u00eda General de Justicia del Estado de M\u00e9xico (FGJEM) acredit\u00f3 su probable intervenci\u00f3n en el delito de trata de personas, en la modalidad de quien a sabiendas de una situaci\u00f3n de trata, solicite el servicio sexual de una persona menor de 18 a\u00f1os de edad.<br><\/p>\n\n\n\n<p>La Autoridad Judicial emiti\u00f3 esta sentencia de condena contra el acusado, adem\u00e1s le fij\u00f3 multa de 1 mill\u00f3n 747 mil 590 pesos, as\u00ed como el pago de la reparaci\u00f3n de da\u00f1o por la cantidad de 293 mil 500 pesos, en tanto que suspendi\u00f3 sus derechos civiles y pol\u00edticos.<br><\/p>\n\n\n\n<p>Se precis\u00f3 que de mayo del a\u00f1o 2021 a febrero de 2022, este individuo entreg\u00f3 dinero a una mujer adulta para que esta a su vez, obligara a una ni\u00f1a de entonces 11 a\u00f1os de edad a sostener relaciones sexuales con \u00e9l.<br><\/p>\n\n\n\n<p>Esta Instituci\u00f3n tom\u00f3 conocimiento de los hechos, una vez que personal del DIF municipal de Valle de Chalco rescat\u00f3 a la v\u00edctima y denunci\u00f3 los hechos ante el Agente del Ministerio P\u00fablico. C<br><\/p>\n\n\n\n<p>Este individuo fue ingresado al Centro Penitenciario y de Reinserci\u00f3n Social de Chalco, donde el \u00d3rgano Jurisdiccional, tras proceso legal, le dict\u00f3 esta sentencia de condena.<\/p>\n","protected":false},"excerpt":{"rendered":"<p>Este individuo entreg\u00f3 dinero a una mujer, para que esta, a su vez, obligara a una ni\u00f1a de entonces 11 a\u00f1os de edad a sostener relaciones sexuales con \u00e9l. Un individuo identificado como Jaime Casta\u00f1eda Mart\u00ednez fue sentenciado a 31 a\u00f1os y 6 meses de prisi\u00f3n, despu\u00e9s de que la Fiscal\u00eda General de Justicia del [&hellip;]<\/p>\n","protected":false},"author":1,"featured_media":69824,"comment_status":"closed","ping_status":"closed","sticky":false,"template":"","format":"standard","meta":{"footnotes":""},"categories":[36,37],"tags":[],"class_list":["post-69823","post","type-post","status-publish","format-standard","has-post-thumbnail","hentry","category-edomex","category-justicia"],"_links":{"self":[{"href":"https:\/\/elinformante.mx\/index.php?rest_route=\/wp\/v2\/posts\/69823","targetHints":{"allow":["GET"]}}],"collection":[{"href":"https:\/\/elinformante.mx\/index.php?rest_route=\/wp\/v2\/posts"}],"about":[{"href":"https:\/\/elinformante.mx\/index.php?rest_route=\/wp\/v2\/types\/post"}],"author":[{"embeddable":true,"href":"https:\/\/elinformante.mx\/index.php?rest_route=\/wp\/v2\/users\/1"}],"replies":[{"embeddable":true,"href":"https:\/\/elinformante.mx\/index.php?rest_route=%2Fwp%2Fv2%2Fcomments&post=69823"}],"version-history":[{"count":0,"href":"https:\/\/elinformante.mx\/index.php?rest_route=\/wp\/v2\/posts\/69823\/revisions"}],"wp:featuredmedia":[{"embeddable":true,"href":"https:\/\/elinformante.mx\/index.php?rest_route=\/wp\/v2\/media\/69824"}],"wp:attachment":[{"href":"https:\/\/elinformante.mx\/index.php?rest_route=%2Fwp%2Fv2%2Fmedia&parent=69823"}],"wp:term":[{"taxonomy":"category","embeddable":true,"href":"https:\/\/elinformante.mx\/index.php?rest_route=%2Fwp%2Fv2%2Fcategories&post=69823"},{"taxonomy":"post_tag","embeddable":true,"href":"https:\/\/elinformante.mx\/index.php?rest_route=%2Fwp%2Fv2%2Ftags&post=69823"}],"curies":[{"name":"wp","href":"https:\/\/api.w.org\/{rel}","templated":true}]}}