{"id":69826,"date":"2024-11-26T06:11:28","date_gmt":"2024-11-26T12:11:28","guid":{"rendered":"https:\/\/elinformante.mx\/?p=69826"},"modified":"2024-11-26T06:11:31","modified_gmt":"2024-11-26T12:11:31","slug":"tres-personas-son-procesadas-por-robo-de-un-vehiculo-con-violencia-en-ecatepec","status":"publish","type":"post","link":"https:\/\/elinformante.mx\/?p=69826","title":{"rendered":"Tres personas son procesadas por robo de un veh\u00edculo con violencia en Ecatepec"},"content":{"rendered":"\n<figure class=\"wp-block-pullquote\"><blockquote><p>Los investigados habr\u00edan amenazado y golpeado a la v\u00edctima para despojarla de su unidad automotora.<\/p><\/blockquote><\/figure>\n\n\n\n<p class=\"has-drop-cap\">La FGJEM acredit\u00f3 la probable intervenci\u00f3n de dos masculinos y una mujer, identificados como Josu\u00e9 Emmanuel \u201cN\u201d, Sergio \u201cN\u201d y Brenda Guadalupe \u201cN\u201d en el delito de robo de veh\u00edculo con violencia, por lo que obtuvo de la Autoridad Judicial su vinculaci\u00f3n a proceso por este hecho delictivo registrado en el municipio de Ecatepec.<br><\/p>\n\n\n\n<p>La Fiscal\u00eda mexiquense inici\u00f3 el proceso legal contra estas tres personas quienes son indagadas por el robo con violencia de un veh\u00edculo marca Chevrolet, tipo Aveo, en la colonia Izcalli Jardines, de esta demarcaci\u00f3n.<br><\/p>\n\n\n\n<p>Los imputados habr\u00edan abordado a la v\u00edctima y golpeado para despu\u00e9s despojarla de su veh\u00edculo; al momento en que pretend\u00edan huir fueron detenidos por elementos de la Direcci\u00f3n de Seguridad P\u00fablica y Tr\u00e1nsito Municipal de Ecatepec y elementos de la Fiscal\u00eda mexiquense, quienes los trasladaron ante el Agente del Ministerio P\u00fablico, quien inici\u00f3 la investigaci\u00f3n correspondiente y luego los remiti\u00f3 ante un Juez en el Centro Penitenciario y de Reinserci\u00f3n Social de la zona.<br><\/p>\n\n\n\n<p>Dicha autoridad dict\u00f3 vinculaci\u00f3n a proceso, otorg\u00f3 adem\u00e1s medida cautelar de prisi\u00f3n preventiva justificada y plazo de dos meses para el cierre de la investigaci\u00f3n, no obstante, a los detenidos se les debe considerar inocentes hasta que sea dictada una sentencia condenatoria en su contra.<\/p>\n","protected":false},"excerpt":{"rendered":"<p>Los investigados habr\u00edan amenazado y golpeado a la v\u00edctima para despojarla de su unidad automotora. La FGJEM acredit\u00f3 la probable intervenci\u00f3n de dos masculinos y una mujer, identificados como Josu\u00e9 Emmanuel \u201cN\u201d, Sergio \u201cN\u201d y Brenda Guadalupe \u201cN\u201d en el delito de robo de veh\u00edculo con violencia, por lo que obtuvo de la Autoridad Judicial [&hellip;]<\/p>\n","protected":false},"author":1,"featured_media":69827,"comment_status":"closed","ping_status":"closed","sticky":false,"template":"","format":"standard","meta":{"footnotes":""},"categories":[30,36,37],"tags":[],"class_list":["post-69826","post","type-post","status-publish","format-standard","has-post-thumbnail","hentry","category-destacado","category-edomex","category-justicia"],"_links":{"self":[{"href":"https:\/\/elinformante.mx\/index.php?rest_route=\/wp\/v2\/posts\/69826","targetHints":{"allow":["GET"]}}],"collection":[{"href":"https:\/\/elinformante.mx\/index.php?rest_route=\/wp\/v2\/posts"}],"about":[{"href":"https:\/\/elinformante.mx\/index.php?rest_route=\/wp\/v2\/types\/post"}],"author":[{"embeddable":true,"href":"https:\/\/elinformante.mx\/index.php?rest_route=\/wp\/v2\/users\/1"}],"replies":[{"embeddable":true,"href":"https:\/\/elinformante.mx\/index.php?rest_route=%2Fwp%2Fv2%2Fcomments&post=69826"}],"version-history":[{"count":0,"href":"https:\/\/elinformante.mx\/index.php?rest_route=\/wp\/v2\/posts\/69826\/revisions"}],"wp:featuredmedia":[{"embeddable":true,"href":"https:\/\/elinformante.mx\/index.php?rest_route=\/wp\/v2\/media\/69827"}],"wp:attachment":[{"href":"https:\/\/elinformante.mx\/index.php?rest_route=%2Fwp%2Fv2%2Fmedia&parent=69826"}],"wp:term":[{"taxonomy":"category","embeddable":true,"href":"https:\/\/elinformante.mx\/index.php?rest_route=%2Fwp%2Fv2%2Fcategories&post=69826"},{"taxonomy":"post_tag","embeddable":true,"href":"https:\/\/elinformante.mx\/index.php?rest_route=%2Fwp%2Fv2%2Ftags&post=69826"}],"curies":[{"name":"wp","href":"https:\/\/api.w.org\/{rel}","templated":true}]}}