{"id":69840,"date":"2024-11-26T06:23:11","date_gmt":"2024-11-26T12:23:11","guid":{"rendered":"https:\/\/elinformante.mx\/?p=69840"},"modified":"2024-11-26T06:23:13","modified_gmt":"2024-11-26T12:23:13","slug":"san-mateo-atenco-y-ssem-realizan-feria-para-prevenir-delitos","status":"publish","type":"post","link":"https:\/\/elinformante.mx\/?p=69840","title":{"rendered":"San Mateo Atenco y SSEM realizan feria para prevenir delitos"},"content":{"rendered":"\n<figure class=\"wp-block-pullquote\"><blockquote><p>El prop\u00f3sito es fomentar entre la poblaci\u00f3n mexiquense una cultura de prevenci\u00f3n, denuncia y legalidad.<\/p><\/blockquote><\/figure>\n\n\n\n<p class=\"has-drop-cap\">En el municipio de San Mateo Atenco, en coordinaci\u00f3n con la Secretar\u00eda de Seguridad del Edom\u00e9x (SSEM), se llevar\u00e1n a cabo varias actividades de los 16 d\u00edas de activismo contra la violencia de g\u00e9nero.<br><\/p>\n\n\n\n<p>As\u00ed lo dieron a conocer la alcaldesa Ana Mu\u00f1iz Neyra, quien mencion\u00f3 que estas acciones se llevar\u00e1n a cabo en coordinaci\u00f3n con los tres \u00f3rdenes de gobierno y el Ayuntamiento de esta demarcaci\u00f3n, realizando la Feria de Prevenci\u00f3n Social del Delito y la Delincuencia.<br><\/p>\n\n\n\n<p>En esta actividad, que se realiz\u00f3 con la finalidad de fomentar entre la poblaci\u00f3n mexiquense una cultura de prevenci\u00f3n, denuncia y legalidad, promoviendo acciones que permitan tener aliados para sumar esfuerzos y as\u00ed lograr la erradicaci\u00f3n de conductas que irrumpan el bienestar y tranquilidad de sus habitantes.<br><\/p>\n\n\n\n<p>La alcaldesa del municipio zapatero, Ana Mu\u00f1iz Neyra, agradeci\u00f3 la disposici\u00f3n de cada una de las instituciones involucradas en este mecanismo para la construcci\u00f3n del orden y la paz; apunt\u00f3 que las personas involucradas trabajan para la protecci\u00f3n de la ciudadan\u00eda, su patrimonio y la salvaguarda de los derechos humanos.<br><\/p>\n\n\n\n<figure class=\"wp-block-image size-large\"><img fetchpriority=\"high\" decoding=\"async\" width=\"1024\" height=\"503\" src=\"https:\/\/elinformante.mx\/wp-content\/uploads\/2024\/11\/11san-mateo-1024x503.jpeg\" alt=\"\" class=\"wp-image-69842\" srcset=\"https:\/\/elinformante.mx\/wp-content\/uploads\/2024\/11\/11san-mateo-1024x503.jpeg 1024w, https:\/\/elinformante.mx\/wp-content\/uploads\/2024\/11\/11san-mateo-300x147.jpeg 300w, https:\/\/elinformante.mx\/wp-content\/uploads\/2024\/11\/11san-mateo-768x377.jpeg 768w, https:\/\/elinformante.mx\/wp-content\/uploads\/2024\/11\/11san-mateo.jpeg 1140w\" sizes=\"(max-width: 1024px) 100vw, 1024px\" \/><\/figure>\n\n\n\n<p>Mu\u00f1iz Neyra refiri\u00f3 \u201cConstruir por y para las mujeres, constituye la \u00fanica v\u00eda para un desarrollo incluyente y sustentable\u201d y \u201cexpreso mi reconocimiento y mi gratitud a las y los integrantes de este sistema, sobre todo invitarlos a no bajar la guardia, sigamos trabajando y sigamos cumpliendo\u201d.<br><\/p>\n\n\n\n<p>El Subdirector Operativo, el Comandante Francisco Nieto Cornelio, se\u00f1al\u00f3 que se trabaja de manera coordinada entre instancias federales, estatales y municipales, a fin de fortalecer, estrechar y generar lazos de proximidad con la ciudadan\u00eda para consolidar un equipo gobierno-sociedad.<br><\/p>\n\n\n\n<p>En el lugar y en el marco del D\u00eda Internacional de la Erradicaci\u00f3n de la Violencia contra la Mujer, resalt\u00f3; \u201cDesde la Secretar\u00eda de Seguridad del Estado de M\u00e9xico reconocemos la importancia de la participaci\u00f3n social como factor fundamental para la prevenci\u00f3n del delito y m\u00e1s para la erradicaci\u00f3n de la violencia contra las mujeres, por ello no tengan duda que, con el Poder de Servir, todas y todos los servidores p\u00fablicos de la administraci\u00f3n estatal y de esta Secretar\u00eda, seguiremos trabajando\u201d.<br><\/p>\n\n\n\n<p>Los asistentes presenciaron una demostraci\u00f3n de los binomios caninos de la SSEM, adem\u00e1s de que los m\u00e1s peque\u00f1os participaron en actividades de educaci\u00f3n vial, donde les ense\u00f1aron a respetar las reglas de tr\u00e1nsito, adem\u00e1s de que en los diferentes estands recibieron informaci\u00f3n en materia de prevenci\u00f3n de situaciones que pongan en riesgo su vida y patrimonio.<\/p>\n","protected":false},"excerpt":{"rendered":"<p>El prop\u00f3sito es fomentar entre la poblaci\u00f3n mexiquense una cultura de prevenci\u00f3n, denuncia y legalidad. En el municipio de San Mateo Atenco, en coordinaci\u00f3n con la Secretar\u00eda de Seguridad del Edom\u00e9x (SSEM), se llevar\u00e1n a cabo varias actividades de los 16 d\u00edas de activismo contra la violencia de g\u00e9nero. As\u00ed lo dieron a conocer la [&hellip;]<\/p>\n","protected":false},"author":1,"featured_media":69841,"comment_status":"closed","ping_status":"closed","sticky":false,"template":"","format":"standard","meta":{"footnotes":""},"categories":[30,36],"tags":[],"class_list":["post-69840","post","type-post","status-publish","format-standard","has-post-thumbnail","hentry","category-destacado","category-edomex"],"_links":{"self":[{"href":"https:\/\/elinformante.mx\/index.php?rest_route=\/wp\/v2\/posts\/69840","targetHints":{"allow":["GET"]}}],"collection":[{"href":"https:\/\/elinformante.mx\/index.php?rest_route=\/wp\/v2\/posts"}],"about":[{"href":"https:\/\/elinformante.mx\/index.php?rest_route=\/wp\/v2\/types\/post"}],"author":[{"embeddable":true,"href":"https:\/\/elinformante.mx\/index.php?rest_route=\/wp\/v2\/users\/1"}],"replies":[{"embeddable":true,"href":"https:\/\/elinformante.mx\/index.php?rest_route=%2Fwp%2Fv2%2Fcomments&post=69840"}],"version-history":[{"count":0,"href":"https:\/\/elinformante.mx\/index.php?rest_route=\/wp\/v2\/posts\/69840\/revisions"}],"wp:featuredmedia":[{"embeddable":true,"href":"https:\/\/elinformante.mx\/index.php?rest_route=\/wp\/v2\/media\/69841"}],"wp:attachment":[{"href":"https:\/\/elinformante.mx\/index.php?rest_route=%2Fwp%2Fv2%2Fmedia&parent=69840"}],"wp:term":[{"taxonomy":"category","embeddable":true,"href":"https:\/\/elinformante.mx\/index.php?rest_route=%2Fwp%2Fv2%2Fcategories&post=69840"},{"taxonomy":"post_tag","embeddable":true,"href":"https:\/\/elinformante.mx\/index.php?rest_route=%2Fwp%2Fv2%2Ftags&post=69840"}],"curies":[{"name":"wp","href":"https:\/\/api.w.org\/{rel}","templated":true}]}}