{"id":69874,"date":"2024-11-26T06:56:43","date_gmt":"2024-11-26T12:56:43","guid":{"rendered":"https:\/\/elinformante.mx\/?p=69874"},"modified":"2024-11-26T06:56:44","modified_gmt":"2024-11-26T12:56:44","slug":"registro-civil-de-cdmx-celebro-matrimonios-registro-de-nacimientos-y-reconocimientos-en-el-cevareso-de-santa-martha-acatitla","status":"publish","type":"post","link":"https:\/\/elinformante.mx\/?p=69874","title":{"rendered":"Registro Civil de CDMX celebr\u00f3 matrimonios, registro de nacimientos y reconocimientos en el CEVARESO de Santa Martha Acatitla"},"content":{"rendered":"\n<figure class=\"wp-block-pullquote\"><blockquote><p>La \u00faltima jornada se realiz\u00f3 el pasado 21 de octubre, donde se efectuaron 20 registros de matrimonio, 3 registros de nacimiento y 4 reconocimientos.<\/p><\/blockquote><\/figure>\n\n\n\n<p class=\"has-drop-cap\">Con la finalidad de atender y regularizar aspectos relacionados con el estado civil de personas privadas de su libertad, la Direcci\u00f3n General de Registro Civil (DGRC) de la Ciudad de M\u00e9xico, en coordinaci\u00f3n con la Subsecretar\u00eda del Sistema Penitenciario, celebr\u00f3 42 matrimonios y 11 registros de nacimiento, as\u00ed como 7 reconocimientos en el Reclusorio Preventivo Varonil Sur.<br><\/p>\n\n\n\n<p>El Registro Civil garantiza a esta poblaci\u00f3n su derecho a casarse y a tener una familia, si es su deseo. Tanto los matrimonios como los registros de nacimiento y reconocimientos de ni\u00f1as y ni\u00f1os representan el acceso a otros derechos y programas sociales.<br><\/p>\n\n\n\n<p>La \u00faltima jornada se realiz\u00f3 el pasado 21 de octubre, donde se efectuaron 20 registros de matrimonio, 3 registros de nacimiento y 4 reconocimientos en el Centro Varonil de Reinserci\u00f3n Social (CEVARESO) Santa Martha Acatitla.<br><\/p>\n\n\n\n<p>Cabe destacar que durante 2023 se realizaron 430 registros de matrimonio, 55 actas de reconocimiento de hijo e hija y 57 registros de nacimiento en el Centro Varonil y Femenil de Reinserci\u00f3n Social Santa Martha Acatitla, as\u00ed como en los reclusorios preventivos varoniles Sur, Norte y Oriente.<br><\/p>\n\n\n\n<p>La Direcci\u00f3n General de Registro Civil refrenda su compromiso de continuar con la campa\u00f1a de matrimonios civiles colectivos de personas privadas de la libertad, registros y reconocimientos 2024, que se realiza en los centros penitenciarios de la Ciudad de M\u00e9xico.<\/p>\n","protected":false},"excerpt":{"rendered":"<p>La \u00faltima jornada se realiz\u00f3 el pasado 21 de octubre, donde se efectuaron 20 registros de matrimonio, 3 registros de nacimiento y 4 reconocimientos. Con la finalidad de atender y regularizar aspectos relacionados con el estado civil de personas privadas de su libertad, la Direcci\u00f3n General de Registro Civil (DGRC) de la Ciudad de M\u00e9xico, [&hellip;]<\/p>\n","protected":false},"author":1,"featured_media":69875,"comment_status":"closed","ping_status":"closed","sticky":false,"template":"","format":"standard","meta":{"footnotes":""},"categories":[35],"tags":[],"class_list":["post-69874","post","type-post","status-publish","format-standard","has-post-thumbnail","hentry","category-cdmx"],"_links":{"self":[{"href":"https:\/\/elinformante.mx\/index.php?rest_route=\/wp\/v2\/posts\/69874","targetHints":{"allow":["GET"]}}],"collection":[{"href":"https:\/\/elinformante.mx\/index.php?rest_route=\/wp\/v2\/posts"}],"about":[{"href":"https:\/\/elinformante.mx\/index.php?rest_route=\/wp\/v2\/types\/post"}],"author":[{"embeddable":true,"href":"https:\/\/elinformante.mx\/index.php?rest_route=\/wp\/v2\/users\/1"}],"replies":[{"embeddable":true,"href":"https:\/\/elinformante.mx\/index.php?rest_route=%2Fwp%2Fv2%2Fcomments&post=69874"}],"version-history":[{"count":0,"href":"https:\/\/elinformante.mx\/index.php?rest_route=\/wp\/v2\/posts\/69874\/revisions"}],"wp:featuredmedia":[{"embeddable":true,"href":"https:\/\/elinformante.mx\/index.php?rest_route=\/wp\/v2\/media\/69875"}],"wp:attachment":[{"href":"https:\/\/elinformante.mx\/index.php?rest_route=%2Fwp%2Fv2%2Fmedia&parent=69874"}],"wp:term":[{"taxonomy":"category","embeddable":true,"href":"https:\/\/elinformante.mx\/index.php?rest_route=%2Fwp%2Fv2%2Fcategories&post=69874"},{"taxonomy":"post_tag","embeddable":true,"href":"https:\/\/elinformante.mx\/index.php?rest_route=%2Fwp%2Fv2%2Ftags&post=69874"}],"curies":[{"name":"wp","href":"https:\/\/api.w.org\/{rel}","templated":true}]}}