{"id":70161,"date":"2024-11-29T05:44:04","date_gmt":"2024-11-29T11:44:04","guid":{"rendered":"https:\/\/elinformante.mx\/?p=70161"},"modified":"2024-11-29T05:44:10","modified_gmt":"2024-11-29T11:44:10","slug":"detiene-ssem-a-sujeto-acusado-de-violencia-de-genero","status":"publish","type":"post","link":"https:\/\/elinformante.mx\/?p=70161","title":{"rendered":"Detiene SSEM a sujeto acusado de violencia de g\u00e9nero"},"content":{"rendered":"\n<figure class=\"wp-block-pullquote\"><blockquote><p>Una de las agredidas llam\u00f3 al 9-1-1 a fin de alertar sobre la agresi\u00f3n f\u00edsica de la cual fueron v\u00edctimas.<\/p><\/blockquote><\/figure>\n\n\n\n<p class=\"has-drop-cap\">Combatir ataques contra todas las mujeres es una directriz que se deriva de las Mesas de Coordinaci\u00f3n para la Construcci\u00f3n de la Paz, por ende elementos de la Secretar\u00eda de Seguridad del Edom\u00e9x (SSEM) detuvieron a un posible responsable en el delito de violencia de g\u00e9nero.<br><\/p>\n\n\n\n<p>Tras una llamada al 911, el C5 de la SSEM tuvieron conocimiento sobre la agresi\u00f3n a dos mujeres en un inmueble ubicado en la privada Vicente Su\u00e1rez, en la colonia San Mateo Oxtotitl\u00e1n, de inmediato, solicitaron la intervenci\u00f3n por parte de polic\u00edas de g\u00e9nero.<br><\/p>\n\n\n\n<p>Una vez que los oficiales recopilaron los datos e informaci\u00f3n, se dirigieron al lugar y a su arribo tuvieron contacto con una de las v\u00edctimas quien les refiri\u00f3 que momentos antes el sospechoso las agredi\u00f3 f\u00edsicamente. De acuerdo al protocolo de actuaci\u00f3n, los uniformados salvaguardaron la integridad de las partes afectadas.<br><\/p>\n\n\n\n<p>Por lo anterior, Carlos \u201cN\u201d de 25 a\u00f1os fue aprehendido y despu\u00e9s de conocer los derechos que la ley consagra a su favor, fue presentado al Agente del Ministerio P\u00fablico correspondiente, quien definir\u00e1 su situaci\u00f3n jur\u00eddica.<\/p>\n","protected":false},"excerpt":{"rendered":"<p>Una de las agredidas llam\u00f3 al 9-1-1 a fin de alertar sobre la agresi\u00f3n f\u00edsica de la cual fueron v\u00edctimas. Combatir ataques contra todas las mujeres es una directriz que se deriva de las Mesas de Coordinaci\u00f3n para la Construcci\u00f3n de la Paz, por ende elementos de la Secretar\u00eda de Seguridad del Edom\u00e9x (SSEM) detuvieron [&hellip;]<\/p>\n","protected":false},"author":1,"featured_media":70163,"comment_status":"closed","ping_status":"closed","sticky":false,"template":"","format":"standard","meta":{"footnotes":""},"categories":[30,36,37],"tags":[],"class_list":["post-70161","post","type-post","status-publish","format-standard","has-post-thumbnail","hentry","category-destacado","category-edomex","category-justicia"],"_links":{"self":[{"href":"https:\/\/elinformante.mx\/index.php?rest_route=\/wp\/v2\/posts\/70161","targetHints":{"allow":["GET"]}}],"collection":[{"href":"https:\/\/elinformante.mx\/index.php?rest_route=\/wp\/v2\/posts"}],"about":[{"href":"https:\/\/elinformante.mx\/index.php?rest_route=\/wp\/v2\/types\/post"}],"author":[{"embeddable":true,"href":"https:\/\/elinformante.mx\/index.php?rest_route=\/wp\/v2\/users\/1"}],"replies":[{"embeddable":true,"href":"https:\/\/elinformante.mx\/index.php?rest_route=%2Fwp%2Fv2%2Fcomments&post=70161"}],"version-history":[{"count":0,"href":"https:\/\/elinformante.mx\/index.php?rest_route=\/wp\/v2\/posts\/70161\/revisions"}],"wp:featuredmedia":[{"embeddable":true,"href":"https:\/\/elinformante.mx\/index.php?rest_route=\/wp\/v2\/media\/70163"}],"wp:attachment":[{"href":"https:\/\/elinformante.mx\/index.php?rest_route=%2Fwp%2Fv2%2Fmedia&parent=70161"}],"wp:term":[{"taxonomy":"category","embeddable":true,"href":"https:\/\/elinformante.mx\/index.php?rest_route=%2Fwp%2Fv2%2Fcategories&post=70161"},{"taxonomy":"post_tag","embeddable":true,"href":"https:\/\/elinformante.mx\/index.php?rest_route=%2Fwp%2Fv2%2Ftags&post=70161"}],"curies":[{"name":"wp","href":"https:\/\/api.w.org\/{rel}","templated":true}]}}