{"id":70168,"date":"2024-11-29T05:59:56","date_gmt":"2024-11-29T11:59:56","guid":{"rendered":"https:\/\/elinformante.mx\/?p=70168"},"modified":"2024-11-29T06:00:00","modified_gmt":"2024-11-29T12:00:00","slug":"gem-y-cce-firman-convenios-de-colaboracion-y-accion-con-empresarios","status":"publish","type":"post","link":"https:\/\/elinformante.mx\/?p=70168","title":{"rendered":"GEM y CCE firman convenios de colaboraci\u00f3n y acci\u00f3n con empresarios"},"content":{"rendered":"\n<figure class=\"wp-block-pullquote\"><blockquote><p>El Gobierno del Estado de M\u00e9xico impulsa la colaboraci\u00f3n estrat\u00e9gica con el Consejo Coordinador Empresarial para mejorar la calidad de la vida laboral de las y los mexiquenses.<\/p><\/blockquote><\/figure>\n\n\n\n<p class=\"has-drop-cap\">El Gobierno de la Maestra Delfina G\u00f3mez \u00c1lvarez tiene clara la defensa de los derechos laborales y en un acto significativo para el desarrollo econ\u00f3mico y social de la entidad, la Secretar\u00eda del Trabajo del Estado de M\u00e9xico, encabezada por Norberto Morales Poblete, firm\u00f3 un convenio con el Consejo Coordinador Empresarial del Estado de M\u00e9xico (CCE).<br><\/p>\n\n\n\n<p>Lo anterior para fortalecer la colaboraci\u00f3n entre los sectores p\u00fablico y privado, con el objetivo de mejorar la calidad del empleo y las condiciones laborales de las y los mexiquenses.<br><\/p>\n\n\n\n<p>Este convenio representa un avance fundamental en la implementaci\u00f3n de pol\u00edticas laborales inclusivas y sostenibles, de acuerdo con el compromiso de la Gobernadora Delfina G\u00f3mez \u00c1lvarez de priorizar el bienestar de las familias mexiquenses.<br><\/p>\n\n\n\n<p>\u201cEste acto simboliza nuestra voluntad de trabajar unidos para fortalecer el mercado laboral en nuestro estado, promoviendo un desarrollo econ\u00f3mico inclusivo, justo y sostenible\u201d, destac\u00f3 el Secretario Norberto Morales Poblete.<br><\/p>\n\n\n\n<p>Se\u00f1al\u00f3, adem\u00e1s, que el sector empresarial es un pilar esencial para la construcci\u00f3n de un Estado de M\u00e9xico m\u00e1s pr\u00f3spero, por ello, este acuerdo es un paso concreto hacia una alianza estrat\u00e9gica que beneficia tanto a las empresas como a los trabajadores.<br><\/p>\n\n\n\n<p>Morales Poblete reiter\u00f3 el compromiso del gobierno de la Maestra Delfina G\u00f3mez \u00c1lvarez con la creaci\u00f3n de condiciones que fomenten la inversi\u00f3n, la generaci\u00f3n de empleos dignos y la mejora de los ambientes laborales.<br><\/p>\n\n\n\n<figure class=\"wp-block-image size-large\"><img fetchpriority=\"high\" decoding=\"async\" width=\"1024\" height=\"506\" src=\"https:\/\/elinformante.mx\/wp-content\/uploads\/2024\/11\/12gem-1024x506.jpg\" alt=\"\" class=\"wp-image-70170\" srcset=\"https:\/\/elinformante.mx\/wp-content\/uploads\/2024\/11\/12gem-1024x506.jpg 1024w, https:\/\/elinformante.mx\/wp-content\/uploads\/2024\/11\/12gem-300x148.jpg 300w, https:\/\/elinformante.mx\/wp-content\/uploads\/2024\/11\/12gem-768x379.jpg 768w, https:\/\/elinformante.mx\/wp-content\/uploads\/2024\/11\/12gem.jpg 1140w\" sizes=\"(max-width: 1024px) 100vw, 1024px\" \/><\/figure>\n\n\n\n<p>A trav\u00e9s de este \u201cconvenio de acci\u00f3n, no de letra muerta\u201d, como lo defini\u00f3 el secretario Morales Poblete; se establecen acciones concretas para:<br><\/p>\n\n\n\n<p>Impulsar programas de capacitaci\u00f3n que mejoren las competencias laborales y fortalezcan la competitividad del sector empresarial.<br><\/p>\n\n\n\n<p>Promover la creaci\u00f3n de empleos dignos y bien remunerados, garantizando condiciones laborales justas para todas y todos.<br><\/p>\n\n\n\n<p>Fomentar la inclusi\u00f3n laboral, abriendo oportunidades para quienes enfrentan mayores barreras, como mujeres, j\u00f3venes, personas con discapacidad y adultos mayores.<br><\/p>\n\n\n\n<p>Crear espacios de di\u00e1logo y colaboraci\u00f3n que faciliten la integraci\u00f3n de todos los sectores involucrados en la construcci\u00f3n de un mercado laboral m\u00e1s justo y equitativo.<br><\/p>\n\n\n\n<p>En tanto, Germ\u00e1n Jalil Hern\u00e1ndez, Presidente del CCE, destac\u00f3 que los empresarios trabajar\u00e1n de la mano con el gobierno en la estructuraci\u00f3n de acciones que fortalezcan la integraci\u00f3n y la cooperaci\u00f3n entre empresarios, trabajadores y autoridades.<br><\/p>\n\n\n\n<p>Reconoci\u00f3 que solo a trav\u00e9s de la solidaridad y el compromiso com\u00fan se podr\u00e1 avanzar hacia un Estado de M\u00e9xico m\u00e1s competitivo, solidario y con mayores oportunidades para todas y todos sus habitantes.<\/p>\n","protected":false},"excerpt":{"rendered":"<p>El Gobierno del Estado de M\u00e9xico impulsa la colaboraci\u00f3n estrat\u00e9gica con el Consejo Coordinador Empresarial para mejorar la calidad de la vida laboral de las y los mexiquenses. El Gobierno de la Maestra Delfina G\u00f3mez \u00c1lvarez tiene clara la defensa de los derechos laborales y en un acto significativo para el desarrollo econ\u00f3mico y social [&hellip;]<\/p>\n","protected":false},"author":1,"featured_media":70169,"comment_status":"closed","ping_status":"closed","sticky":false,"template":"","format":"standard","meta":{"footnotes":""},"categories":[30,36],"tags":[],"class_list":["post-70168","post","type-post","status-publish","format-standard","has-post-thumbnail","hentry","category-destacado","category-edomex"],"_links":{"self":[{"href":"https:\/\/elinformante.mx\/index.php?rest_route=\/wp\/v2\/posts\/70168","targetHints":{"allow":["GET"]}}],"collection":[{"href":"https:\/\/elinformante.mx\/index.php?rest_route=\/wp\/v2\/posts"}],"about":[{"href":"https:\/\/elinformante.mx\/index.php?rest_route=\/wp\/v2\/types\/post"}],"author":[{"embeddable":true,"href":"https:\/\/elinformante.mx\/index.php?rest_route=\/wp\/v2\/users\/1"}],"replies":[{"embeddable":true,"href":"https:\/\/elinformante.mx\/index.php?rest_route=%2Fwp%2Fv2%2Fcomments&post=70168"}],"version-history":[{"count":0,"href":"https:\/\/elinformante.mx\/index.php?rest_route=\/wp\/v2\/posts\/70168\/revisions"}],"wp:featuredmedia":[{"embeddable":true,"href":"https:\/\/elinformante.mx\/index.php?rest_route=\/wp\/v2\/media\/70169"}],"wp:attachment":[{"href":"https:\/\/elinformante.mx\/index.php?rest_route=%2Fwp%2Fv2%2Fmedia&parent=70168"}],"wp:term":[{"taxonomy":"category","embeddable":true,"href":"https:\/\/elinformante.mx\/index.php?rest_route=%2Fwp%2Fv2%2Fcategories&post=70168"},{"taxonomy":"post_tag","embeddable":true,"href":"https:\/\/elinformante.mx\/index.php?rest_route=%2Fwp%2Fv2%2Ftags&post=70168"}],"curies":[{"name":"wp","href":"https:\/\/api.w.org\/{rel}","templated":true}]}}