{"id":70176,"date":"2024-11-29T06:09:10","date_gmt":"2024-11-29T12:09:10","guid":{"rendered":"https:\/\/elinformante.mx\/?p=70176"},"modified":"2024-11-29T06:09:13","modified_gmt":"2024-11-29T12:09:13","slug":"inauguran-dos-biodigestores-y-lombricarios-en-lerma","status":"publish","type":"post","link":"https:\/\/elinformante.mx\/?p=70176","title":{"rendered":"Inauguran dos Biodigestores y Lombricarios en Lerma"},"content":{"rendered":"\n<figure class=\"wp-block-pullquote\"><blockquote><p>Los colocaron en dos primarias de la colonia Agr\u00edcola Analco y Santa Catarina, Tlalmimilolpan.<\/p><\/blockquote><\/figure>\n\n\n\n<p class=\"has-drop-cap\">Buscando cumplir con el objetivo de reducir los residuos s\u00f3lidos y promover iniciativas amigables con el medio ambiente, el Ayuntamiento de Lerma, encabezado por Miguel \u00c1ngel Ram\u00edrez Ponce, y a trav\u00e9s de la segunda regidur\u00eda, inauguraron dos Biodigestores, uno en la Escuela Primaria \u201cJos\u00e9 Ma. Morelos y Pav\u00f3n\u201d en la comunidad de Santa Catarina, Tlalmimilolpan y otro en la Escuela Primaria \u201cLic. Adolfo L\u00f3pez Mateos\u201d en la colonia Agr\u00edcola Analco.<br><\/p>\n\n\n\n<p>Adem\u00e1s se inauguraron dos lombricarios, uno en la regi\u00f3n Tlalmimilolpan y el segundo, en la comunidad de San Nicol\u00e1s Peralta.<br><\/p>\n\n\n\n<p>La ceremonia tuvo lugar en la primaria \u201cLic. Adolfo L\u00f3pez Mateos\u201d, de la colonia Agr\u00edcola Analco, \u00c1ngel Ram\u00edrez Vald\u00e9s, secretario del Ayuntamiento, en representaci\u00f3n del alcalde de Lerma, Miguel \u00c1ngel Ram\u00edrez Ponce, se\u00f1al\u00f3 que este tipo de proyectos, representan una de las premisas del gobierno municipal para impulsar el desarrollo sustentable, reconociendo la labor de la segunda regidur\u00eda y su trabajo a favor del medio ambiente.<br><\/p>\n\n\n\n<figure class=\"wp-block-image size-large\"><img fetchpriority=\"high\" decoding=\"async\" width=\"1024\" height=\"506\" src=\"https:\/\/elinformante.mx\/wp-content\/uploads\/2024\/11\/11inauguran-2-1024x506.jpg\" alt=\"\" class=\"wp-image-70178\" srcset=\"https:\/\/elinformante.mx\/wp-content\/uploads\/2024\/11\/11inauguran-2-1024x506.jpg 1024w, https:\/\/elinformante.mx\/wp-content\/uploads\/2024\/11\/11inauguran-2-300x148.jpg 300w, https:\/\/elinformante.mx\/wp-content\/uploads\/2024\/11\/11inauguran-2-768x379.jpg 768w, https:\/\/elinformante.mx\/wp-content\/uploads\/2024\/11\/11inauguran-2.jpg 1140w\" sizes=\"(max-width: 1024px) 100vw, 1024px\" \/><\/figure>\n\n\n\n<p>La regidora Mirna Imelda Mart\u00ednez Real, destac\u00f3 la importancia de seguir impulsando los Biodigestores y Lombricarios \u201clos cuales transforman los residuos org\u00e1nicos en biog\u00e1s para cocinar, en beneficio de los desayunadores calientes de las escuelas, y en fertilizante l\u00edquido, que puede ser utilizado para cualquier cultivo, dando un fuerte impulso a este sistema de producci\u00f3n\u201d.<br><\/p>\n\n\n\n<p>A\u00f1adi\u00f3 que con esto, se logra reducir el efecto invernadero y sobretodo, se logra crear conciencia en la poblaci\u00f3n para el manejo sustentable de los residuos org\u00e1nicos.<br><\/p>\n\n\n\n<p>Finalmente, autoridades municipales, ejidales y escuelas beneficiadas con Lombricarios y Biodigestores, llevaron a cabo la firma de convenios donde se comprometen al buen funcionamiento de los mismos.<\/p>\n","protected":false},"excerpt":{"rendered":"<p>Los colocaron en dos primarias de la colonia Agr\u00edcola Analco y Santa Catarina, Tlalmimilolpan. Buscando cumplir con el objetivo de reducir los residuos s\u00f3lidos y promover iniciativas amigables con el medio ambiente, el Ayuntamiento de Lerma, encabezado por Miguel \u00c1ngel Ram\u00edrez Ponce, y a trav\u00e9s de la segunda regidur\u00eda, inauguraron dos Biodigestores, uno en la [&hellip;]<\/p>\n","protected":false},"author":1,"featured_media":70177,"comment_status":"closed","ping_status":"closed","sticky":false,"template":"","format":"standard","meta":{"footnotes":""},"categories":[1],"tags":[],"class_list":["post-70176","post","type-post","status-publish","format-standard","has-post-thumbnail","hentry","category-sin-categoria"],"_links":{"self":[{"href":"https:\/\/elinformante.mx\/index.php?rest_route=\/wp\/v2\/posts\/70176","targetHints":{"allow":["GET"]}}],"collection":[{"href":"https:\/\/elinformante.mx\/index.php?rest_route=\/wp\/v2\/posts"}],"about":[{"href":"https:\/\/elinformante.mx\/index.php?rest_route=\/wp\/v2\/types\/post"}],"author":[{"embeddable":true,"href":"https:\/\/elinformante.mx\/index.php?rest_route=\/wp\/v2\/users\/1"}],"replies":[{"embeddable":true,"href":"https:\/\/elinformante.mx\/index.php?rest_route=%2Fwp%2Fv2%2Fcomments&post=70176"}],"version-history":[{"count":0,"href":"https:\/\/elinformante.mx\/index.php?rest_route=\/wp\/v2\/posts\/70176\/revisions"}],"wp:featuredmedia":[{"embeddable":true,"href":"https:\/\/elinformante.mx\/index.php?rest_route=\/wp\/v2\/media\/70177"}],"wp:attachment":[{"href":"https:\/\/elinformante.mx\/index.php?rest_route=%2Fwp%2Fv2%2Fmedia&parent=70176"}],"wp:term":[{"taxonomy":"category","embeddable":true,"href":"https:\/\/elinformante.mx\/index.php?rest_route=%2Fwp%2Fv2%2Fcategories&post=70176"},{"taxonomy":"post_tag","embeddable":true,"href":"https:\/\/elinformante.mx\/index.php?rest_route=%2Fwp%2Fv2%2Ftags&post=70176"}],"curies":[{"name":"wp","href":"https:\/\/api.w.org\/{rel}","templated":true}]}}