{"id":70180,"date":"2024-11-29T06:10:56","date_gmt":"2024-11-29T12:10:56","guid":{"rendered":"https:\/\/elinformante.mx\/?p=70180"},"modified":"2024-11-29T06:11:00","modified_gmt":"2024-11-29T12:11:00","slug":"reconoce-suteym-a-sus-agremiados-por-30-anos-o-mas-de-servicio","status":"publish","type":"post","link":"https:\/\/elinformante.mx\/?p=70180","title":{"rendered":"Reconoce SUTEYM a sus agremiados por 30 a\u00f1os o m\u00e1s de servicio"},"content":{"rendered":"\n<figure class=\"wp-block-pullquote\"><blockquote><p>En su momento, sindicalistas manifestaron su sentir al recibir esta distinci\u00f3n. Coincidieron en agradecer al SUTEYM por el respaldo y labor para beneficiar a la membres\u00eda de manera integral.<\/p><\/blockquote><\/figure>\n\n\n\n<p class=\"has-drop-cap\">Servidoras y servidores p\u00fablicos agremiados al Sindicato \u00danico de Trabajadores de los Poderes, Municipios e Instituciones Descentralizadas del Estado de M\u00e9xico (SUTEYM) recibieron reconocimientos por 30 a\u00f1os o m\u00e1s de servicio, acto encabezado por Herminio Cahue Calder\u00f3n, secretario general de la organizaci\u00f3n. El auditorio Sebasti\u00e1n Cruz Ar\u00e1mbula S\u00e1nchez, de la Casa del Servidor P\u00fablico Mexiquense, fue sede de esta simb\u00f3lica y emotiva actividad, en la cual las y los suteymistas fueron reconocidos por la ardua labor que han desempe\u00f1ado en las diferentes \u00e1reas del Gobierno del Estado de M\u00e9xico.<br><\/p>\n\n\n\n<p>\u201cCumplir 30 a\u00f1os o m\u00e1s al servicio del estado m\u00e1s importante del pa\u00eds, el Estado de M\u00e9xico, no es f\u00e1cil. Y ese tiempo, el que ustedes han permanecido como servidores p\u00fablicos, se ha generado gracias a la responsabilidad que ustedes tienen, al amor que le impregnan al quehacer que realizan todos los d\u00edas\u201d, destac\u00f3 Herminio Cahue al dirigirse a las y los homenajeados.<br><\/p>\n\n\n\n<p>El l\u00edder estatal puntualiz\u00f3 que el sindicato se ha mantenido ejerciendo sus funciones de manera responsable, honrada y transparente. En este sentido, enfatiz\u00f3 que la organizaci\u00f3n tiene claro que el deber primordial es el bienestar colectivo.<br><\/p>\n\n\n\n<figure class=\"wp-block-image size-large\"><img fetchpriority=\"high\" decoding=\"async\" width=\"1024\" height=\"506\" src=\"https:\/\/elinformante.mx\/wp-content\/uploads\/2024\/11\/10suteym-1024x506.jpg\" alt=\"\" class=\"wp-image-70182\" srcset=\"https:\/\/elinformante.mx\/wp-content\/uploads\/2024\/11\/10suteym-1024x506.jpg 1024w, https:\/\/elinformante.mx\/wp-content\/uploads\/2024\/11\/10suteym-300x148.jpg 300w, https:\/\/elinformante.mx\/wp-content\/uploads\/2024\/11\/10suteym-768x379.jpg 768w, https:\/\/elinformante.mx\/wp-content\/uploads\/2024\/11\/10suteym.jpg 1140w\" sizes=\"(max-width: 1024px) 100vw, 1024px\" \/><\/figure>\n\n\n\n<p>Refiri\u00f3 que las y los suteymistas son servidores p\u00fablicos institucionales, que laboran con la convicci\u00f3n de que se debe trabajar de la mano con quienes elija la ciudadan\u00eda para gobernar. Hizo hincapi\u00e9 en que el respeto a los logros sindicales, as\u00ed como a la membres\u00eda, no son negociables.<br><\/p>\n\n\n\n<p>\u201cTengan la certeza de que nosotros, los que integramos el Comit\u00e9 Ejecutivo Estatal, lo tenemos muy claro: debemos de velar porque se siga respetando nuestro convenio, que hemos logrado ya durante 86 a\u00f1os de vida. Por eso, les pido, compa\u00f1eras y compa\u00f1eros, ustedes que tienen tatuado a nuestro sindicato, que sigamos actuando con responsabilidad\u201d, expres\u00f3 el dirigente estatal.<br><\/p>\n\n\n\n<p>Martha Isabel Vel\u00e1zquez G\u00f3mez, secretaria del Interior, dijo que este reconocimiento es resultado del compromiso, esfuerzo y dedicaci\u00f3n que han mostrado durante 30 a\u00f1os o m\u00e1s en sus \u00e1reas laborales.<br><\/p>\n\n\n\n<p>En su momento, sindicalistas manifestaron su sentir al recibir esta distinci\u00f3n. Coincidieron en agradecer al SUTEYM por el respaldo y labor para beneficiar a la membres\u00eda de manera integral.<\/p>\n","protected":false},"excerpt":{"rendered":"<p>En su momento, sindicalistas manifestaron su sentir al recibir esta distinci\u00f3n. Coincidieron en agradecer al SUTEYM por el respaldo y labor para beneficiar a la membres\u00eda de manera integral. Servidoras y servidores p\u00fablicos agremiados al Sindicato \u00danico de Trabajadores de los Poderes, Municipios e Instituciones Descentralizadas del Estado de M\u00e9xico (SUTEYM) recibieron reconocimientos por 30 [&hellip;]<\/p>\n","protected":false},"author":1,"featured_media":70181,"comment_status":"closed","ping_status":"closed","sticky":false,"template":"","format":"standard","meta":{"footnotes":""},"categories":[36],"tags":[],"class_list":["post-70180","post","type-post","status-publish","format-standard","has-post-thumbnail","hentry","category-edomex"],"_links":{"self":[{"href":"https:\/\/elinformante.mx\/index.php?rest_route=\/wp\/v2\/posts\/70180","targetHints":{"allow":["GET"]}}],"collection":[{"href":"https:\/\/elinformante.mx\/index.php?rest_route=\/wp\/v2\/posts"}],"about":[{"href":"https:\/\/elinformante.mx\/index.php?rest_route=\/wp\/v2\/types\/post"}],"author":[{"embeddable":true,"href":"https:\/\/elinformante.mx\/index.php?rest_route=\/wp\/v2\/users\/1"}],"replies":[{"embeddable":true,"href":"https:\/\/elinformante.mx\/index.php?rest_route=%2Fwp%2Fv2%2Fcomments&post=70180"}],"version-history":[{"count":0,"href":"https:\/\/elinformante.mx\/index.php?rest_route=\/wp\/v2\/posts\/70180\/revisions"}],"wp:featuredmedia":[{"embeddable":true,"href":"https:\/\/elinformante.mx\/index.php?rest_route=\/wp\/v2\/media\/70181"}],"wp:attachment":[{"href":"https:\/\/elinformante.mx\/index.php?rest_route=%2Fwp%2Fv2%2Fmedia&parent=70180"}],"wp:term":[{"taxonomy":"category","embeddable":true,"href":"https:\/\/elinformante.mx\/index.php?rest_route=%2Fwp%2Fv2%2Fcategories&post=70180"},{"taxonomy":"post_tag","embeddable":true,"href":"https:\/\/elinformante.mx\/index.php?rest_route=%2Fwp%2Fv2%2Ftags&post=70180"}],"curies":[{"name":"wp","href":"https:\/\/api.w.org\/{rel}","templated":true}]}}