{"id":70197,"date":"2024-11-29T06:29:16","date_gmt":"2024-11-29T12:29:16","guid":{"rendered":"https:\/\/elinformante.mx\/?p=70197"},"modified":"2024-11-29T06:29:22","modified_gmt":"2024-11-29T12:29:22","slug":"se-fortalece-la-relacion-con-presidentes-municipales-electos-en-edomex-horacio-duarte","status":"publish","type":"post","link":"https:\/\/elinformante.mx\/?p=70197","title":{"rendered":"Se fortalece la relaci\u00f3n con presidentes municipales electos en Edom\u00e9x: Horacio Duarte"},"content":{"rendered":"\n<figure class=\"wp-block-pullquote\"><blockquote><p>El Secretario General de Gobierno lanz\u00f3 un llamado a las y los Alcaldes electos para coordinar esfuerzos y resolver las demandas ciudadanas sin divisiones y trabajando en unidad bajo el liderazgo de la Gobernadora del Estado de M\u00e9xico.<\/p><\/blockquote><\/figure>\n\n\n\n<p class=\"has-drop-cap\">De manera hist\u00f3rica el Gobierno del Estado de M\u00e9xico organiz\u00f3 el primer Seminario \u201cGobernanza Municipal para Servir y Transformar\u201d, con la presencia de las y los 125 Presidentes Municipales Electos de la entidad y ponencias del Gabinete de Seguridad, Salud, Bienestar, Trabajo y Finanzas.<br><\/p>\n\n\n\n<p>En presencia de la Mandataria estatal, el Secretario General de Gobierno, Horacio Duarte Olivares plante\u00f3 fortalecer la relaci\u00f3n Estado-Municipios y lanz\u00f3 un llamado para trabajar sin divisiones y en unidad bajo el liderazgo de la Gobernadora Delfina G\u00f3mez \u00c1lvarez.<br><\/p>\n\n\n\n<figure class=\"wp-block-image size-large\"><img fetchpriority=\"high\" decoding=\"async\" width=\"1024\" height=\"506\" src=\"https:\/\/elinformante.mx\/wp-content\/uploads\/2024\/11\/8se-fortalece-2-1024x506.jpg\" alt=\"\" class=\"wp-image-70199\" srcset=\"https:\/\/elinformante.mx\/wp-content\/uploads\/2024\/11\/8se-fortalece-2-1024x506.jpg 1024w, https:\/\/elinformante.mx\/wp-content\/uploads\/2024\/11\/8se-fortalece-2-300x148.jpg 300w, https:\/\/elinformante.mx\/wp-content\/uploads\/2024\/11\/8se-fortalece-2-768x379.jpg 768w, https:\/\/elinformante.mx\/wp-content\/uploads\/2024\/11\/8se-fortalece-2.jpg 1140w\" sizes=\"(max-width: 1024px) 100vw, 1024px\" \/><\/figure>\n\n\n\n<p>\u201cEl Gobierno del Estado que encabeza nuestra Gobernadora, la Maestra Delfina, siempre estar\u00e1 para trabajar, colaborar con ustedes de la mejor manera por el beneficio de los habitantes del Estado de M\u00e9xico, de sus municipios\u201d, asegur\u00f3 Horacio Duarte Olivares, Secretario General de Gobierno.<br><\/p>\n\n\n\n<p>Record\u00f3 que por mucho tiempo hubo divisiones entre las regiones del Estado de M\u00e9xico, que no solo fueron geogr\u00e1ficas, sino tambi\u00e9n culturales y pol\u00edticas; sin embargo, la unidad que se propone conformar\u00e1 una sola entidad para avanzar con un proyecto en com\u00fan.<br><\/p>\n\n\n\n<figure class=\"wp-block-image size-large\"><img decoding=\"async\" width=\"1024\" height=\"506\" src=\"https:\/\/elinformante.mx\/wp-content\/uploads\/2024\/11\/8se-fortalece-4-1024x506.jpg\" alt=\"\" class=\"wp-image-70200\" srcset=\"https:\/\/elinformante.mx\/wp-content\/uploads\/2024\/11\/8se-fortalece-4-1024x506.jpg 1024w, https:\/\/elinformante.mx\/wp-content\/uploads\/2024\/11\/8se-fortalece-4-300x148.jpg 300w, https:\/\/elinformante.mx\/wp-content\/uploads\/2024\/11\/8se-fortalece-4-768x379.jpg 768w, https:\/\/elinformante.mx\/wp-content\/uploads\/2024\/11\/8se-fortalece-4.jpg 1140w\" sizes=\"(max-width: 1024px) 100vw, 1024px\" \/><\/figure>\n\n\n\n<p>Para ello, Horacio Duarte Olivares inst\u00f3 a las y los presidentes municipales electos a reforzar la coordinaci\u00f3n entre el Gobierno estatal y los municipios a trav\u00e9s de las y los integrantes del Gabinete, quienes tienen a su cargo una de las 19 regiones que conforman la entidad.<br><\/p>\n\n\n\n<p>\u201cLa regionalizaci\u00f3n busca integrar pol\u00edticamente para que empecemos a trabajar problemas comunes entre los municipios\u201d, se\u00f1al\u00f3 el Secretario General de Gobierno, quien resalt\u00f3 que la Gobernadora Delfina G\u00f3mez \u00c1lvarez pidi\u00f3 la creaci\u00f3n de proyectos regionales en temas como obra p\u00fablica, infraestructura, salud y seguridad.<br><\/p>\n\n\n\n<figure class=\"wp-block-image size-large\"><img decoding=\"async\" width=\"1024\" height=\"506\" src=\"https:\/\/elinformante.mx\/wp-content\/uploads\/2024\/11\/8se-fortalece-1024x506.jpg\" alt=\"\" class=\"wp-image-70201\" srcset=\"https:\/\/elinformante.mx\/wp-content\/uploads\/2024\/11\/8se-fortalece-1024x506.jpg 1024w, https:\/\/elinformante.mx\/wp-content\/uploads\/2024\/11\/8se-fortalece-300x148.jpg 300w, https:\/\/elinformante.mx\/wp-content\/uploads\/2024\/11\/8se-fortalece-768x379.jpg 768w, https:\/\/elinformante.mx\/wp-content\/uploads\/2024\/11\/8se-fortalece.jpg 1140w\" sizes=\"(max-width: 1024px) 100vw, 1024px\" \/><\/figure>\n\n\n\n<p>Tras presentar al equipo de trabajo de la Secretar\u00eda General de Gobierno, Horacio Duarte Olivares adelant\u00f3 que en pr\u00f3ximos d\u00edas se estar\u00e1 compartiendo el Protocolo de Actuaci\u00f3n en Atenci\u00f3n a Manifestaciones Pac\u00edficas, el cual podr\u00e1 ser retomado por los municipios con el objetivo de brindar mejor atenci\u00f3n en materia de movilizaciones sociales.<br><\/p>\n\n\n\n<p>El Secretario General de Gobierno enfatiz\u00f3 que los municipios son la base de la atenci\u00f3n directa a la ciudadan\u00eda, por ello tendr\u00e1n el respaldo del Gobierno Estatal y Gobierno Federal para consolidar una estructura pol\u00edtica y administrativa que les permita responder con eficacia a las demandas y a la confianza depositada por la ciudadan\u00eda.<\/p>\n","protected":false},"excerpt":{"rendered":"<p>El Secretario General de Gobierno lanz\u00f3 un llamado a las y los Alcaldes electos para coordinar esfuerzos y resolver las demandas ciudadanas sin divisiones y trabajando en unidad bajo el liderazgo de la Gobernadora del Estado de M\u00e9xico. De manera hist\u00f3rica el Gobierno del Estado de M\u00e9xico organiz\u00f3 el primer Seminario \u201cGobernanza Municipal para Servir [&hellip;]<\/p>\n","protected":false},"author":1,"featured_media":70198,"comment_status":"closed","ping_status":"closed","sticky":false,"template":"","format":"standard","meta":{"footnotes":""},"categories":[30,36,31],"tags":[46],"class_list":["post-70197","post","type-post","status-publish","format-standard","has-post-thumbnail","hentry","category-destacado","category-edomex","category-portada","tag-portadaedomex"],"_links":{"self":[{"href":"https:\/\/elinformante.mx\/index.php?rest_route=\/wp\/v2\/posts\/70197","targetHints":{"allow":["GET"]}}],"collection":[{"href":"https:\/\/elinformante.mx\/index.php?rest_route=\/wp\/v2\/posts"}],"about":[{"href":"https:\/\/elinformante.mx\/index.php?rest_route=\/wp\/v2\/types\/post"}],"author":[{"embeddable":true,"href":"https:\/\/elinformante.mx\/index.php?rest_route=\/wp\/v2\/users\/1"}],"replies":[{"embeddable":true,"href":"https:\/\/elinformante.mx\/index.php?rest_route=%2Fwp%2Fv2%2Fcomments&post=70197"}],"version-history":[{"count":0,"href":"https:\/\/elinformante.mx\/index.php?rest_route=\/wp\/v2\/posts\/70197\/revisions"}],"wp:featuredmedia":[{"embeddable":true,"href":"https:\/\/elinformante.mx\/index.php?rest_route=\/wp\/v2\/media\/70198"}],"wp:attachment":[{"href":"https:\/\/elinformante.mx\/index.php?rest_route=%2Fwp%2Fv2%2Fmedia&parent=70197"}],"wp:term":[{"taxonomy":"category","embeddable":true,"href":"https:\/\/elinformante.mx\/index.php?rest_route=%2Fwp%2Fv2%2Fcategories&post=70197"},{"taxonomy":"post_tag","embeddable":true,"href":"https:\/\/elinformante.mx\/index.php?rest_route=%2Fwp%2Fv2%2Ftags&post=70197"}],"curies":[{"name":"wp","href":"https:\/\/api.w.org\/{rel}","templated":true}]}}