{"id":70207,"date":"2024-11-29T06:39:29","date_gmt":"2024-11-29T12:39:29","guid":{"rendered":"https:\/\/elinformante.mx\/?p=70207"},"modified":"2024-11-29T06:39:31","modified_gmt":"2024-11-29T12:39:31","slug":"anuncian-feria-de-la-barbacoa-en-alcaldia-milpa-alta","status":"publish","type":"post","link":"https:\/\/elinformante.mx\/?p=70207","title":{"rendered":"Anuncian Feria de la Barbacoa en alcald\u00eda Milpa Alta"},"content":{"rendered":"\n<figure class=\"wp-block-pullquote\"><blockquote><p>Se llevar\u00e1 a cabo del 30 de noviembre al 8 de diciembre, en San Salvador Cuauhtenco, donde productores locales y de otras alcald\u00edas agasajar\u00e1n el paladar de todo visitante.<\/p><\/blockquote><\/figure>\n\n\n\n<p class=\"has-drop-cap\">A partir de este s\u00e1bado 30 de noviembre y hasta el pr\u00f3ximo viernes 8 de Diciembre se llevar\u00e1 a cabo la Feria de la Barbacoa de San Salvador Cuauhtenco, en la alcald\u00eda Milpa Alta, un encuentro que reunir\u00e1 a unos 80 expositores, entre cocineras y cocineros tradicionales expertos en la preparaci\u00f3n de este platillo, as\u00ed como a artesanos de diferentes especialidades, adem\u00e1s de que habr\u00e1 espect\u00e1culos musicales.<br><\/p>\n\n\n\n<p>As\u00ed lo informaron la Secretar\u00eda de Turismo, Alejandra Frausto; la Directora General de Competitividad de la Sectur, Vanessa L\u00f3pez Gonz\u00e1lez; el alcalde de Milpa Alta, Octavio Rivero Villase\u00f1or, y el presidente de la Feria de la Barbacoa, Javier Renter\u00eda Lozada, quienes precisaron que este pueblo ganadero del sur de la Ciudad de M\u00e9xico celebra m\u00e1s de 20 a\u00f1os de organizar la Feria de la Barbacoa, y, como en ocasiones precedentes, ha confirmado la participaci\u00f3n de ocho de los principales productores locales, y 40 m\u00e1s provenientes de otras alcald\u00edas, quienes ofrecer\u00e1n al p\u00fablico la deliciosa carne de borrego, preparada conforme a sus diferentes estilos, sazones y recetas familiares.<br><\/p>\n\n\n\n<p>L\u00f3pez Gonz\u00e1lez a\u00f1adi\u00f3 que en este agasajo gastron\u00f3mico para el paladar de turistas locales y de visitantes de otros estados de la Rep\u00fablica, e incluso extranjeros, no faltar\u00e1n, desde luego, las tortillas tradicionales hechas a mano y en comal, y el exquisito consom\u00e9, obtenido de los jugos de la cocci\u00f3n de la carne, as\u00ed como la gran variedad de salsas picantes con las que se adereza este manjar.<br><\/p>\n\n\n\n<p>El presidente de la feria, Javier Renter\u00eda, explic\u00f3 que la preparaci\u00f3n de la barbacoa tiene un proceso artesanal que es parte de los saberes tradicionales pasados de generaci\u00f3n en generaci\u00f3n y de familia en familia: b\u00e1sicamente se trata de carne de borrego sazonada con sal y envuelta en pencas de maguey, cuya cocci\u00f3n se realiza en hornos de ladrillo, pero bajo tierra y calentado con piedras volc\u00e1nicas. De acuerdo con la tradici\u00f3n, el horno se tapa con hojas de palma para contener el calor.<br><\/p>\n\n\n\n<p>La Feria de la Barbacoa se llevar\u00e1 a cabo en la Plaza P\u00fablica de San Salvador Cuauhtenco, en la alcald\u00eda Milpa Alta, un pueblo que ha elegido dedicarse a la producci\u00f3n de ganado como una alternativa para diversificar y fortalecer la econom\u00eda local, basada fundamentalmente en productos del campo, como el nopal y hortalizas. Esta feria es una opci\u00f3n tur\u00edstica y un esfuerzo de esos pobladores.<br><\/p>\n\n\n\n<p>El acceso a la Plaza P\u00fablica de San Salvador ser\u00e1 totalmente gratuito y est\u00e1 ubicada entre las calles de Jalapa y Ju\u00e1rez, un punto que ser\u00e1 el escenario de una experiencia gastron\u00f3mica \u00fanica de la tradicional cocina mexicana.<\/p>\n","protected":false},"excerpt":{"rendered":"<p>Se llevar\u00e1 a cabo del 30 de noviembre al 8 de diciembre, en San Salvador Cuauhtenco, donde productores locales y de otras alcald\u00edas agasajar\u00e1n el paladar de todo visitante. A partir de este s\u00e1bado 30 de noviembre y hasta el pr\u00f3ximo viernes 8 de Diciembre se llevar\u00e1 a cabo la Feria de la Barbacoa de [&hellip;]<\/p>\n","protected":false},"author":1,"featured_media":70208,"comment_status":"closed","ping_status":"closed","sticky":false,"template":"","format":"standard","meta":{"footnotes":""},"categories":[1],"tags":[],"class_list":["post-70207","post","type-post","status-publish","format-standard","has-post-thumbnail","hentry","category-sin-categoria"],"_links":{"self":[{"href":"https:\/\/elinformante.mx\/index.php?rest_route=\/wp\/v2\/posts\/70207","targetHints":{"allow":["GET"]}}],"collection":[{"href":"https:\/\/elinformante.mx\/index.php?rest_route=\/wp\/v2\/posts"}],"about":[{"href":"https:\/\/elinformante.mx\/index.php?rest_route=\/wp\/v2\/types\/post"}],"author":[{"embeddable":true,"href":"https:\/\/elinformante.mx\/index.php?rest_route=\/wp\/v2\/users\/1"}],"replies":[{"embeddable":true,"href":"https:\/\/elinformante.mx\/index.php?rest_route=%2Fwp%2Fv2%2Fcomments&post=70207"}],"version-history":[{"count":0,"href":"https:\/\/elinformante.mx\/index.php?rest_route=\/wp\/v2\/posts\/70207\/revisions"}],"wp:featuredmedia":[{"embeddable":true,"href":"https:\/\/elinformante.mx\/index.php?rest_route=\/wp\/v2\/media\/70208"}],"wp:attachment":[{"href":"https:\/\/elinformante.mx\/index.php?rest_route=%2Fwp%2Fv2%2Fmedia&parent=70207"}],"wp:term":[{"taxonomy":"category","embeddable":true,"href":"https:\/\/elinformante.mx\/index.php?rest_route=%2Fwp%2Fv2%2Fcategories&post=70207"},{"taxonomy":"post_tag","embeddable":true,"href":"https:\/\/elinformante.mx\/index.php?rest_route=%2Fwp%2Fv2%2Ftags&post=70207"}],"curies":[{"name":"wp","href":"https:\/\/api.w.org\/{rel}","templated":true}]}}