{"id":70210,"date":"2024-11-29T06:42:47","date_gmt":"2024-11-29T12:42:47","guid":{"rendered":"https:\/\/elinformante.mx\/?p=70210"},"modified":"2024-11-29T06:42:49","modified_gmt":"2024-11-29T12:42:49","slug":"promueve-injuve-construccion-de-espacios-para-las-juventudes","status":"publish","type":"post","link":"https:\/\/elinformante.mx\/?p=70210","title":{"rendered":"Promueve INJUVE construcci\u00f3n de espacios para las juventudes"},"content":{"rendered":"\n<figure class=\"wp-block-pullquote\"><blockquote><p>Se busca que las juventudes puedan generar y diagnosticar propuestas en materia de pol\u00edtica p\u00fablica<\/p><\/blockquote><\/figure>\n\n\n\n<p class=\"has-drop-cap\">Con el objetivo de promover la participaci\u00f3n juvenil en el desarrollo de pol\u00edticas p\u00fablicas, el Instituto de la Juventud (INJUVE) de la Ciudad de M\u00e9xico, realizar\u00e1 el observatorio \u201cJuventudes, derechos y ciudadan\u00eda\u201d, el cual se llevar\u00e1 a cabo el 7 y 8 de diciembre en la Utop\u00eda Cuauhtlicalli, Alcald\u00eda Iztapalapa.<br><\/p>\n\n\n\n<p>El observatorio, iniciativa in\u00e9dita en el Instituto, busca desarrollar y establecer un canal de comunicaci\u00f3n entre las juventudes y autoridades de gobierno, esto con el objetivo de poder construir una agenda pol\u00edtica que promueva el acceso a los derechos de las personas j\u00f3venes.<br><\/p>\n\n\n\n<p>La convocatoria est\u00e1 dirigida a personas j\u00f3venes de entre 18 y 29 a\u00f1os, asociaciones civiles, colectivos y\/u organizaciones sociales que trabajen con y para las juventudes de la Ciudad de M\u00e9xico y el \u00e1rea metropolitana.<br><\/p>\n\n\n\n<p>Las personas interesadas deber\u00e1n consultar las bases de la convocatoria, y mandar la informaci\u00f3n correspondiente al correo observatorioinjuvecdmx@gmail.com, desde la fecha de publicaci\u00f3n de la convocatoria y hasta el 1 de diciembre a las 12:00 horas.<br><\/p>\n\n\n\n<p>El observatorio se dividir\u00e1 en seis mesas tem\u00e1ticas donde las juventudes podr\u00e1n decidir desde qu\u00e9 categor\u00eda participar y d\u00f3nde podr\u00e1n dar una ponencia, as\u00ed como elaborar 10 puntos claves para acciones colaborativas entre organizaciones p\u00fablicas, privadas y de gobierno.<br><\/p>\n\n\n\n<p>Los temas a tratar son: violencias estructurales, derechos humanos e interseccionalidad; retos de la empleabilidad, la capacitaci\u00f3n t\u00e9cnico y socioemocional de las juventudes; juventud, vivienda y movilidad urbana.<br><\/p>\n\n\n\n<p>Tambi\u00e9n se analizar\u00e1n las tem\u00e1ticas Estilos de vida juveniles, interseccionalidades y derecho a la salud integral; el espacio p\u00fablico como herramienta de transformaci\u00f3n social y por \u00faltimo, g\u00e9nero y reducci\u00f3n de brechas sociales.<\/p>\n","protected":false},"excerpt":{"rendered":"<p>Se busca que las juventudes puedan generar y diagnosticar propuestas en materia de pol\u00edtica p\u00fablica Con el objetivo de promover la participaci\u00f3n juvenil en el desarrollo de pol\u00edticas p\u00fablicas, el Instituto de la Juventud (INJUVE) de la Ciudad de M\u00e9xico, realizar\u00e1 el observatorio \u201cJuventudes, derechos y ciudadan\u00eda\u201d, el cual se llevar\u00e1 a cabo el 7 [&hellip;]<\/p>\n","protected":false},"author":1,"featured_media":70211,"comment_status":"closed","ping_status":"closed","sticky":false,"template":"","format":"standard","meta":{"footnotes":""},"categories":[35],"tags":[],"class_list":["post-70210","post","type-post","status-publish","format-standard","has-post-thumbnail","hentry","category-cdmx"],"_links":{"self":[{"href":"https:\/\/elinformante.mx\/index.php?rest_route=\/wp\/v2\/posts\/70210","targetHints":{"allow":["GET"]}}],"collection":[{"href":"https:\/\/elinformante.mx\/index.php?rest_route=\/wp\/v2\/posts"}],"about":[{"href":"https:\/\/elinformante.mx\/index.php?rest_route=\/wp\/v2\/types\/post"}],"author":[{"embeddable":true,"href":"https:\/\/elinformante.mx\/index.php?rest_route=\/wp\/v2\/users\/1"}],"replies":[{"embeddable":true,"href":"https:\/\/elinformante.mx\/index.php?rest_route=%2Fwp%2Fv2%2Fcomments&post=70210"}],"version-history":[{"count":0,"href":"https:\/\/elinformante.mx\/index.php?rest_route=\/wp\/v2\/posts\/70210\/revisions"}],"wp:featuredmedia":[{"embeddable":true,"href":"https:\/\/elinformante.mx\/index.php?rest_route=\/wp\/v2\/media\/70211"}],"wp:attachment":[{"href":"https:\/\/elinformante.mx\/index.php?rest_route=%2Fwp%2Fv2%2Fmedia&parent=70210"}],"wp:term":[{"taxonomy":"category","embeddable":true,"href":"https:\/\/elinformante.mx\/index.php?rest_route=%2Fwp%2Fv2%2Fcategories&post=70210"},{"taxonomy":"post_tag","embeddable":true,"href":"https:\/\/elinformante.mx\/index.php?rest_route=%2Fwp%2Fv2%2Ftags&post=70210"}],"curies":[{"name":"wp","href":"https:\/\/api.w.org\/{rel}","templated":true}]}}