{"id":70226,"date":"2024-11-29T07:11:26","date_gmt":"2024-11-29T13:11:26","guid":{"rendered":"https:\/\/elinformante.mx\/?p=70226"},"modified":"2024-11-29T07:11:31","modified_gmt":"2024-11-29T13:11:31","slug":"lanzamiento-de-nautica-residences-en-cancun-creara-casi-4-mil-empleos-mara-lezama","status":"publish","type":"post","link":"https:\/\/elinformante.mx\/?p=70226","title":{"rendered":"Lanzamiento de N\u00e1utica Residences en Canc\u00fan crear\u00e1 casi 4 mil empleos: Mara Lezama"},"content":{"rendered":"\n<figure class=\"wp-block-pullquote\"><blockquote><p>La inversi\u00f3n ser\u00e1 de aproximadamente unos 5 mil mdp, representando la confianza de inversionistas en el estado.<\/p><\/blockquote><\/figure>\n\n\n\n<p class=\"has-drop-cap\">El lanzamiento oficial de N\u00e1utica Residences en Canc\u00fan representa una vez m\u00e1s la confianza de los inversionistas mexicanos en el segundo piso de la Cuarta Transformaci\u00f3n y en apostarle a Quintana Roo para que sea aqu\u00ed, en esta ciudad l\u00edder del turismo internacional, donde esta marca participe en el primer desarrollo inmobiliario del mundo, expres\u00f3 la gobernadora Mara Lezama Espinosa.<br><\/p>\n\n\n\n<p>La titular del Ejecutivo fue invitada para estar presente en este lanzamiento oficial que representa una inversi\u00f3n de 5 mil millones de pesos, la creaci\u00f3n de m\u00e1s de 800 empleos directos y 3 mil 200 indirectos, en beneficio de 4 mil familias quintanarroenses.<br><\/p>\n\n\n\n<p>Se trata de una primera etapa de 400 unidades habitacionales que m\u00e1s adelante conformar\u00e1n un complejo de 6 edificios en su totalidad, muy cerca del nuevo Puente Nichupt\u00e9 que pronto se inaugurar\u00e1.<br><\/p>\n\n\n\n<figure class=\"wp-block-image size-large\"><img fetchpriority=\"high\" decoding=\"async\" width=\"1024\" height=\"506\" src=\"https:\/\/elinformante.mx\/wp-content\/uploads\/2024\/11\/4quinta-2-10-1024x506.jpeg\" alt=\"\" class=\"wp-image-70228\" srcset=\"https:\/\/elinformante.mx\/wp-content\/uploads\/2024\/11\/4quinta-2-10-1024x506.jpeg 1024w, https:\/\/elinformante.mx\/wp-content\/uploads\/2024\/11\/4quinta-2-10-300x148.jpeg 300w, https:\/\/elinformante.mx\/wp-content\/uploads\/2024\/11\/4quinta-2-10-768x379.jpeg 768w, https:\/\/elinformante.mx\/wp-content\/uploads\/2024\/11\/4quinta-2-10.jpeg 1140w\" sizes=\"(max-width: 1024px) 100vw, 1024px\" \/><\/figure>\n\n\n\n<p>Ante empresarios y socios de Nauma, Isaac Sonana, Jos\u00e9 Miguel Parra, Mois\u00e9s Jasif, la gobernadora de Quintana Roo expres\u00f3 que somos una regi\u00f3n privilegiada, en sus bellezas naturales, su mar, flora, la calidez de su gente, su rica gastronom\u00eda, que le apuesta al crecimiento, pero con orden y con sustentabilidad para cuidar esa riqueza y belleza natural.<br><\/p>\n\n\n\n<p>A\u00f1adi\u00f3 que este gobierno humanista con coraz\u00f3n feminista genera bienestar social y desarrollo, al que siempre se le dice s\u00ed, sostenible y sustentable, pero con prosperidad compartida como lo significan los empleos que se van a crear en favor de las familias quintanarroenses.<br><\/p>\n\n\n\n<p>Presente en el evento, la presidenta municipal de Benito Ju\u00e1rez, Ana Paty Peralta de la Pe\u00f1a, destac\u00f3 la importancia que esta obra est\u00e9 en perfecta sinton\u00eda con los principios de sostenibilidad de Canc\u00fan, como una ciudad vibrante y con gente trabajadora que merece lo mejor.<br><\/p>\n\n\n\n<p>Isaac Sonana, socio de Nauma, explic\u00f3 los alcances del proyecto, en tanto que los arquitectos que crearon el proyecto dieron a conocer la innovaci\u00f3n que contiene y ofrece el nuevo desarrollo.<\/p>\n","protected":false},"excerpt":{"rendered":"<p>La inversi\u00f3n ser\u00e1 de aproximadamente unos 5 mil mdp, representando la confianza de inversionistas en el estado. El lanzamiento oficial de N\u00e1utica Residences en Canc\u00fan representa una vez m\u00e1s la confianza de los inversionistas mexicanos en el segundo piso de la Cuarta Transformaci\u00f3n y en apostarle a Quintana Roo para que sea aqu\u00ed, en esta [&hellip;]<\/p>\n","protected":false},"author":1,"featured_media":70227,"comment_status":"closed","ping_status":"closed","sticky":false,"template":"","format":"standard","meta":{"footnotes":""},"categories":[30,34],"tags":[],"class_list":["post-70226","post","type-post","status-publish","format-standard","has-post-thumbnail","hentry","category-destacado","category-nacional"],"_links":{"self":[{"href":"https:\/\/elinformante.mx\/index.php?rest_route=\/wp\/v2\/posts\/70226","targetHints":{"allow":["GET"]}}],"collection":[{"href":"https:\/\/elinformante.mx\/index.php?rest_route=\/wp\/v2\/posts"}],"about":[{"href":"https:\/\/elinformante.mx\/index.php?rest_route=\/wp\/v2\/types\/post"}],"author":[{"embeddable":true,"href":"https:\/\/elinformante.mx\/index.php?rest_route=\/wp\/v2\/users\/1"}],"replies":[{"embeddable":true,"href":"https:\/\/elinformante.mx\/index.php?rest_route=%2Fwp%2Fv2%2Fcomments&post=70226"}],"version-history":[{"count":0,"href":"https:\/\/elinformante.mx\/index.php?rest_route=\/wp\/v2\/posts\/70226\/revisions"}],"wp:featuredmedia":[{"embeddable":true,"href":"https:\/\/elinformante.mx\/index.php?rest_route=\/wp\/v2\/media\/70227"}],"wp:attachment":[{"href":"https:\/\/elinformante.mx\/index.php?rest_route=%2Fwp%2Fv2%2Fmedia&parent=70226"}],"wp:term":[{"taxonomy":"category","embeddable":true,"href":"https:\/\/elinformante.mx\/index.php?rest_route=%2Fwp%2Fv2%2Fcategories&post=70226"},{"taxonomy":"post_tag","embeddable":true,"href":"https:\/\/elinformante.mx\/index.php?rest_route=%2Fwp%2Fv2%2Ftags&post=70226"}],"curies":[{"name":"wp","href":"https:\/\/api.w.org\/{rel}","templated":true}]}}