{"id":70230,"date":"2024-11-29T07:21:34","date_gmt":"2024-11-29T13:21:34","guid":{"rendered":"https:\/\/elinformante.mx\/?p=70230"},"modified":"2024-11-29T07:21:41","modified_gmt":"2024-11-29T13:21:41","slug":"quien-dana-mas-al-ambiente-tu-o-la-inteligencia-artificial","status":"publish","type":"post","link":"https:\/\/elinformante.mx\/?p=70230","title":{"rendered":"\u00bfQUI\u00c9N DA\u00d1A M\u00c1S AL AMBIENTE: T\u00da O LA INTELIGENCIA ARTIFICIAL?"},"content":{"rendered":"\n<figure class=\"wp-block-pullquote\"><blockquote><p><strong>Por: Nelly Acosta V\u00e1zquez<\/strong><\/p><\/blockquote><\/figure>\n\n\n\n<p class=\"has-drop-cap\">\u00bfC\u00f3mo es la Inteligencia Artificial? \u00bfEs un t\u00fanel lleno de cables? \u00bfSon muchos servidores? \u00bfD\u00f3nde est\u00e1? \u2014pregunt\u00f3 una asistente en un curso de Inteligencia Artificial (IA) para el gremio editorial al que asist\u00ed. Todos re\u00edmos, aunque creo que ninguno ten\u00eda una imagen concreta.<br><\/p>\n\n\n\n<p>Piensen en ella como un centro de c\u00f3mputo de miles de kil\u00f3metros, que en conjunto forman una inmensa red neuronal digital, respondi\u00f3 Daniel Benchimol, creador de Proyecto 451 y promotor de la IA en el mundo editorial.<br><\/p>\n\n\n\n<p>Inmediatamente record\u00e9 mi visita a un data center en 2002, en Seattle: enormes salas heladas en donde se \u201cguardaba\u201d el internet de aquello a\u00f1os, repletas de servidores y cables de colores, ubicados en un lugar muy muy lejano de la ciudad. \u201cAs\u00ed se ve el futuro\u201d, nos dijeron\u2026 Hoy, la IA tiene un rostro parecido, pero mucho m\u00e1s demandante.<br><\/p>\n\n\n\n<p>Entonces, \u00bfla IA consume mucha energ\u00eda para funcionar? \u2014pregunt\u00f3 alguien m\u00e1s.<br><\/p>\n\n\n\n<p>\u00a1Much\u00edsima! \u2014contestamos al un\u00edsono.<br><\/p>\n\n\n\n<p>No es sorpresa ni poca cosa. Porque si en algo est\u00e1n todos de acuerdo es que la IA no es nada ecol\u00f3gica.<br><\/p>\n\n\n\n<p>Para que opere la Inteligencia Artificial se requiere el trabajo conjunto de millones de procesadores, servidores de almacenamiento y ancho de banda, hospedados en data centers, que seg\u00fan la Agencia Internacional de la Energ\u00eda, emplean 40% de su electricidad para alimentar los servidores y 40% para enfriarlos. Eso, sin contar la cada vez mayor demanda de litio y cobalto para fabricar el hardware que la hace operar (servidores y chips), cuya extracci\u00f3n tambi\u00e9n tiene un fuerte impacto ecol\u00f3gico y social.<br><\/p>\n\n\n\n<p>\u00bfCu\u00e1nto afecta la IA al planeta?<br><\/p>\n\n\n\n<p>Para entender su impacto, aqu\u00ed algunos datos que se han difundido este a\u00f1o por el World Energy Outlook 2024, la OCDE, la ONU y el mismo OpenAI.<br><\/p>\n\n\n\n<p>Entrenar el modelo GPT-3 consumi\u00f3 la energ\u00eda equivalente a la utilizada por 220 hogares durante un a\u00f1o o las emisiones anuales de CO\u2082 de 120 autom\u00f3viles (alrededor de 550 toneladas de emisiones de CO\u2082)<br><\/p>\n\n\n\n<p>El modelo Llama 3 (de Meta) fue entrenado con 15 billones de tokens (para la IA, un token es una palabra), es decir, almacenando 44 terabytes de datos, lo que equivale a 22,000 millones de libros digitales, 8.8 millones de fotos y 44,000 horas de video.<br><\/p>\n\n\n\n<p>Un data center consume en 30 minutos el agua que una persona usa en un a\u00f1o.<br><\/p>\n\n\n\n<p>En 2030, los centros de datos para IA podr\u00edan consumir el 4.5% de la energ\u00eda global, m\u00e1s del doble del 2% actual.<br><\/p>\n\n\n\n<p>Pero tambi\u00e9n, los usuarios somos parte del problema, pues aunque el impacto individual parece peque\u00f1o, el uso masivo de herramientas de IA s\u00ed genera datos significativos.<br><\/p>\n\n\n\n<p>Una consulta en ChatGPT equivale a tener un coche encendido por 5 minutos o consumir hasta 10 veces m\u00e1s energ\u00eda que una b\u00fasqueda en Google.<br><\/p>\n\n\n\n<p>Pasar 10 minutos usando una herramienta de IA equivale al consumo el\u00e9ctrico diario promedio de un hogar mexicano.<br><\/p>\n\n\n\n<p>Y un \u00e1rbol necesitar\u00eda 63 d\u00edas para absorber la cantidad de CO\u2082 que emite un usuario de IA por cada 10 minutos de uso.<br><\/p>\n\n\n\n<p>La gran paradoja<br><\/p>\n\n\n\n<p>Al respecto, Daniel Benchimol ofrece una reflexi\u00f3n interesante: \u201cSi uso IA para traducir un libro en minutos, por ejemplo, gasto menos energ\u00eda que si lo hiciera manualmente durante d\u00edas. Adem\u00e1s, la misma IA est\u00e1 colaborando directamente para mitigar los problemas ambientales\u201d.<br><\/p>\n\n\n\n<p>\u00a1Es cierto! Muchas empresas tecnol\u00f3gicas como Google, Microsoft y startups est\u00e1n explorando la energ\u00eda nuclear como soluci\u00f3n para alimentar la IA: genera electricidad constante, sin depender de factores clim\u00e1ticos y no emite di\u00f3xido de carbono (CO\u2082). Adem\u00e1s, los reactores modernos prometen ser m\u00e1s seguros, eficientes y econ\u00f3micos. Sin embargo, para muchos, escuchar \u201cenerg\u00eda nuclear\u201d evoca im\u00e1genes de apocalipsis y destrucci\u00f3n.<br><\/p>\n\n\n\n<p>\u00bfPodr\u00e1 la misma IA combatir los problemas que genera? Ya hablaremos a detalle de esto, en otra ocasi\u00f3n, como de los procesadores especializados, los algoritmos optimizados y los sistemas de enfriamiento avanzados (submarinos) que prometen reducir el consumo energ\u00e9tico.<br><\/p>\n\n\n\n<p>Tu huella de carbono como usuario de IA<br><\/p>\n\n\n\n<p>Confieso que desde que empec\u00e9 a explorar herramientas de IA, mi computadora permanece encendida m\u00e1s horas al d\u00eda. Mi recibo de luz no miente: estoy consumiendo m\u00e1s energ\u00eda.<br><\/p>\n\n\n\n<p>Le ped\u00ed a la ChatGPT que midiera mi impacto energ\u00e9tico al utilizarlo. \u00bfEl resultado? Mi consumo semanal de herramientas IA equivale a mantener una bombilla LED de 10W encendida entre 100 y 500 horas o cargar un smartphone 250 veces al d\u00eda.<br><\/p>\n\n\n\n<p>Esto me lleva a una reflexi\u00f3n importante: la IA no solo consume energ\u00eda en los gigantescos centros de datos, sino tambi\u00e9n en nuestras actividades cotidianas. Cada consulta que hacemos, a veces solo por curiosidad, \u00a1deja una huella!<br><\/p>\n\n\n\n<p>Por lo pronto, ChatGPT me sugiere mitigar mi impacto plantando uno o dos \u00e1rboles al mes. Suena a un buen comienzo. \u00bfQui\u00e9n se une conmigo para organizar una reforestaci\u00f3n en su colonia?<\/p>\n","protected":false},"excerpt":{"rendered":"<p>Por: Nelly Acosta V\u00e1zquez \u00bfC\u00f3mo es la Inteligencia Artificial? \u00bfEs un t\u00fanel lleno de cables? \u00bfSon muchos servidores? \u00bfD\u00f3nde est\u00e1? \u2014pregunt\u00f3 una asistente en un curso de Inteligencia Artificial (IA) para el gremio editorial al que asist\u00ed. Todos re\u00edmos, aunque creo que ninguno ten\u00eda una imagen concreta. Piensen en ella como un centro de c\u00f3mputo [&hellip;]<\/p>\n","protected":false},"author":1,"featured_media":70231,"comment_status":"closed","ping_status":"closed","sticky":false,"template":"","format":"standard","meta":{"footnotes":""},"categories":[32],"tags":[],"class_list":["post-70230","post","type-post","status-publish","format-standard","has-post-thumbnail","hentry","category-editorial"],"_links":{"self":[{"href":"https:\/\/elinformante.mx\/index.php?rest_route=\/wp\/v2\/posts\/70230","targetHints":{"allow":["GET"]}}],"collection":[{"href":"https:\/\/elinformante.mx\/index.php?rest_route=\/wp\/v2\/posts"}],"about":[{"href":"https:\/\/elinformante.mx\/index.php?rest_route=\/wp\/v2\/types\/post"}],"author":[{"embeddable":true,"href":"https:\/\/elinformante.mx\/index.php?rest_route=\/wp\/v2\/users\/1"}],"replies":[{"embeddable":true,"href":"https:\/\/elinformante.mx\/index.php?rest_route=%2Fwp%2Fv2%2Fcomments&post=70230"}],"version-history":[{"count":0,"href":"https:\/\/elinformante.mx\/index.php?rest_route=\/wp\/v2\/posts\/70230\/revisions"}],"wp:featuredmedia":[{"embeddable":true,"href":"https:\/\/elinformante.mx\/index.php?rest_route=\/wp\/v2\/media\/70231"}],"wp:attachment":[{"href":"https:\/\/elinformante.mx\/index.php?rest_route=%2Fwp%2Fv2%2Fmedia&parent=70230"}],"wp:term":[{"taxonomy":"category","embeddable":true,"href":"https:\/\/elinformante.mx\/index.php?rest_route=%2Fwp%2Fv2%2Fcategories&post=70230"},{"taxonomy":"post_tag","embeddable":true,"href":"https:\/\/elinformante.mx\/index.php?rest_route=%2Fwp%2Fv2%2Ftags&post=70230"}],"curies":[{"name":"wp","href":"https:\/\/api.w.org\/{rel}","templated":true}]}}