{"id":70233,"date":"2024-11-29T07:22:52","date_gmt":"2024-11-29T13:22:52","guid":{"rendered":"https:\/\/elinformante.mx\/?p=70233"},"modified":"2024-11-29T07:22:57","modified_gmt":"2024-11-29T13:22:57","slug":"en-mexico-mas-de-121-millones-de-personas-enfrentan-alguna-discapacidad-inegi","status":"publish","type":"post","link":"https:\/\/elinformante.mx\/?p=70233","title":{"rendered":"En M\u00e9xico m\u00e1s de 121 millones de personas enfrentan alguna discapacidad: Inegi"},"content":{"rendered":"\n<figure class=\"wp-block-pullquote\"><blockquote><p>Las actividades con dificultad que m\u00e1s se reportaron entre la poblaci\u00f3n con discapacidad fueron ver, incluso con anteojos (45.8%), y caminar, subir o bajar usando sus piernas (40.3%).<\/p><\/blockquote><\/figure>\n\n\n\n<p class=\"has-drop-cap\">El Instituto Nacional de Estad\u00edstica y Geograf\u00eda (Inegi) dio a conocer que en M\u00e9xico al menos 8.8 millones de mexicanos mayores de cinco a\u00f1os en 2023 tuvieron alg\u00fan tipo de discapacidad, datos dados a conocer con motivo del D\u00eda Internacional de las Personas con Discapacidad, que se conmemora el pr\u00f3ximo 3 de diciembre.<br><\/p>\n\n\n\n<p>En M\u00e9xico hay 121.6 millones de personas de 5 a\u00f1os o m\u00e1s, de las que el 7.2% declar\u00f3 tener una discapacidad, con 4.7 millones (53.5%) de mujeres y 4.1 millones (46.5%) de hombres, de acuerdo con la Encuesta Nacional de la Din\u00e1mica Demogr\u00e1fica (Enadid) 2023.<br><\/p>\n\n\n\n<p>El mayor porcentaje se concentr\u00f3 en adultos mayores (60 a\u00f1os y m\u00e1s) con 50%, mientras que entre la poblaci\u00f3n mayor de 15 a\u00f1os con discapacidad, los hombres tuvieron una mayor tasa de participaci\u00f3n econ\u00f3mica (51.5%), en comparaci\u00f3n con las mujeres (31.3 %).<br><\/p>\n\n\n\n<p>Mientras que Zacatecas (centro-norte) es el estado que tuvo el porcentaje m\u00e1s alto de poblaci\u00f3n con discapacidad con el 11.2%, seguido Tabasco (sur) y Durango (norte) con 10.1% y 9.9% cada uno.<br><\/p>\n\n\n\n<p>Los estados con porcentajes m\u00e1s bajos fueron Coahuila (norte) con el 5.2%, Chiapas (sur) rozando el 6%, y el Estado de M\u00e9xico ligeramente por encima de los 6 puntos porcentuales.<br><\/p>\n\n\n\n<p>Las actividades con dificultad que m\u00e1s se reportaron entre la poblaci\u00f3n con discapacidad fueron ver, incluso con anteojos (45.8%), y caminar, subir o bajar usando sus piernas (40.3%).<br><\/p>\n\n\n\n<p>La Enadid identific\u00f3 que las causas que m\u00e1s se declararon para explicar una dificultad con discapacidad fueron por enfermedad, con 43.9%, y por edad avanzada, con 27.2%.<br><\/p>\n\n\n\n<p>En 2023, 46 de cada 100 personas de 5 a 29 a\u00f1os con discapacidad asist\u00edan a la escuela, mientras para la poblaci\u00f3n sin discapacidad represent\u00f3 60 de cada 100 personas.<br><\/p>\n\n\n\n<p>Seg\u00fan el sexo, en la poblaci\u00f3n sin discapacidad, el 59.7% de los hombres y el 61% de las mujeres asist\u00edan a la escuela, mientras que en la poblaci\u00f3n con discapacidad lo hizo el 46.7% de las mujeres y el 45.9% de los hombres.<\/p>\n","protected":false},"excerpt":{"rendered":"<p>Las actividades con dificultad que m\u00e1s se reportaron entre la poblaci\u00f3n con discapacidad fueron ver, incluso con anteojos (45.8%), y caminar, subir o bajar usando sus piernas (40.3%). El Instituto Nacional de Estad\u00edstica y Geograf\u00eda (Inegi) dio a conocer que en M\u00e9xico al menos 8.8 millones de mexicanos mayores de cinco a\u00f1os en 2023 tuvieron [&hellip;]<\/p>\n","protected":false},"author":1,"featured_media":70234,"comment_status":"closed","ping_status":"closed","sticky":false,"template":"","format":"standard","meta":{"footnotes":""},"categories":[30,34,31],"tags":[],"class_list":["post-70233","post","type-post","status-publish","format-standard","has-post-thumbnail","hentry","category-destacado","category-nacional","category-portada"],"_links":{"self":[{"href":"https:\/\/elinformante.mx\/index.php?rest_route=\/wp\/v2\/posts\/70233","targetHints":{"allow":["GET"]}}],"collection":[{"href":"https:\/\/elinformante.mx\/index.php?rest_route=\/wp\/v2\/posts"}],"about":[{"href":"https:\/\/elinformante.mx\/index.php?rest_route=\/wp\/v2\/types\/post"}],"author":[{"embeddable":true,"href":"https:\/\/elinformante.mx\/index.php?rest_route=\/wp\/v2\/users\/1"}],"replies":[{"embeddable":true,"href":"https:\/\/elinformante.mx\/index.php?rest_route=%2Fwp%2Fv2%2Fcomments&post=70233"}],"version-history":[{"count":0,"href":"https:\/\/elinformante.mx\/index.php?rest_route=\/wp\/v2\/posts\/70233\/revisions"}],"wp:featuredmedia":[{"embeddable":true,"href":"https:\/\/elinformante.mx\/index.php?rest_route=\/wp\/v2\/media\/70234"}],"wp:attachment":[{"href":"https:\/\/elinformante.mx\/index.php?rest_route=%2Fwp%2Fv2%2Fmedia&parent=70233"}],"wp:term":[{"taxonomy":"category","embeddable":true,"href":"https:\/\/elinformante.mx\/index.php?rest_route=%2Fwp%2Fv2%2Fcategories&post=70233"},{"taxonomy":"post_tag","embeddable":true,"href":"https:\/\/elinformante.mx\/index.php?rest_route=%2Fwp%2Fv2%2Ftags&post=70233"}],"curies":[{"name":"wp","href":"https:\/\/api.w.org\/{rel}","templated":true}]}}