{"id":70236,"date":"2024-11-29T07:30:37","date_gmt":"2024-11-29T13:30:37","guid":{"rendered":"https:\/\/elinformante.mx\/?p=70236"},"modified":"2024-11-29T07:30:53","modified_gmt":"2024-11-29T13:30:53","slug":"rosa-icela-se-reune-con-200-alcaldes-del-pais","status":"publish","type":"post","link":"https:\/\/elinformante.mx\/?p=70236","title":{"rendered":"ROSA ICELA SE RE\u00daNE CON 200 ALCALDES DEL PA\u00cdS"},"content":{"rendered":"\n<figure class=\"wp-block-pullquote\"><blockquote><p>La reuni\u00f3n fue realizada en la Secretar\u00eda de Gobernaci\u00f3n y se centr\u00f3 en hablar del programa 100 puntos de la Presidenta Sheinbaum.<\/p><\/blockquote><\/figure>\n\n\n\n<p class=\"has-drop-cap\">Alcaldesas y alcaldes municipales de todo el pa\u00eds se reunieron en la Secretar\u00eda de Gobernaci\u00f3n (Segob) en el marco del \u201cPrimer Encuentro Nacional, Perspectiva Municipal del Programa 100 Puntos de la presidenta Claudia Sheinbaum\u201d.<br><\/p>\n\n\n\n<p>El encuentro, que organizado por el Instituto Nacional para el Federalismo y el Desarrollo Municipal (Inafed) fue encabezado por la secretaria de Gobernaci\u00f3n, Rosa Icela Rodr\u00edguez.<br><\/p>\n\n\n\n<p>La secretaria Rosa Icela Rodr\u00edguez dijo que la presidenta le encarg\u00f3 ir de la mano de los alcaldes municipales, estar de cerca de la resoluci\u00f3n de los problemas, de la atenci\u00f3n de los retos y desaf\u00edos de las demarcaciones.<br><\/p>\n\n\n\n<figure class=\"wp-block-image size-large\"><img fetchpriority=\"high\" decoding=\"async\" width=\"1024\" height=\"506\" src=\"https:\/\/elinformante.mx\/wp-content\/uploads\/2024\/11\/9rosa-2-1-1024x506.jpg\" alt=\"\" class=\"wp-image-70238\" srcset=\"https:\/\/elinformante.mx\/wp-content\/uploads\/2024\/11\/9rosa-2-1-1024x506.jpg 1024w, https:\/\/elinformante.mx\/wp-content\/uploads\/2024\/11\/9rosa-2-1-300x148.jpg 300w, https:\/\/elinformante.mx\/wp-content\/uploads\/2024\/11\/9rosa-2-1-768x379.jpg 768w, https:\/\/elinformante.mx\/wp-content\/uploads\/2024\/11\/9rosa-2-1.jpg 1140w\" sizes=\"(max-width: 1024px) 100vw, 1024px\" \/><\/figure>\n\n\n\n<p>Durante este primer encuentro se abordaron varios temas prioritarios como seguridad, infraestructura, trenes, puertos, corredores industriales especializados, turismo, desarrollo regional y desarrollo Metropolitano.<br><\/p>\n\n\n\n<p>Icela Rodr\u00edguez adelant\u00f3 que continuar\u00e1n las reuniones con todos los alcaldes del pa\u00eds para escucharlos, sin importar signos, ni colores, y que este es solo un primer encuentro; pues los 100 pasos, en alguna medida, corresponder\u00e1 a todos los municipios.<br><\/p>\n\n\n\n<p>Refiri\u00f3 que junto con la Secretar\u00eda de Seguridad Federal se trabajar\u00e1 el tema de construcci\u00f3n de paz, lo cual no tiene que ver todo con polic\u00edas o armas, si no con la atenci\u00f3n de las causas que generan la violencia.<br><\/p>\n\n\n\n<p>Anunci\u00f3 que las Mesas de Construcci\u00f3n de Paz ser\u00e1n coordinadas desde la Secretar\u00eda de Gobernaci\u00f3n, donde el liderazgo de los presidentes municipales ser\u00e1 la diferencia entre que se tengan resultados o no en temas como la inseguridad.<br><\/p>\n\n\n\n<figure class=\"wp-block-image size-large\"><img decoding=\"async\" width=\"1024\" height=\"506\" src=\"https:\/\/elinformante.mx\/wp-content\/uploads\/2024\/11\/9rosa-3-1-1024x506.jpg\" alt=\"\" class=\"wp-image-70239\" srcset=\"https:\/\/elinformante.mx\/wp-content\/uploads\/2024\/11\/9rosa-3-1-1024x506.jpg 1024w, https:\/\/elinformante.mx\/wp-content\/uploads\/2024\/11\/9rosa-3-1-300x148.jpg 300w, https:\/\/elinformante.mx\/wp-content\/uploads\/2024\/11\/9rosa-3-1-768x379.jpg 768w, https:\/\/elinformante.mx\/wp-content\/uploads\/2024\/11\/9rosa-3-1.jpg 1140w\" sizes=\"(max-width: 1024px) 100vw, 1024px\" \/><\/figure>\n\n\n\n<p>\u201cEl Gobierno federal quiere trabajar con ustedes de la mano\u201d, dijo. \u201cEntonces, nosotros, con los municipios, ni olvido, ni marginaci\u00f3n, a la base del constitucionalismo mexicano. No puede haber el aterrizaje de una pol\u00edtica p\u00fablica sin todas y todos ustedes\u201d.<br><\/p>\n\n\n\n<p>Adem\u00e1s anticip\u00f3 que se llegar\u00e1 con programas sociales a los municipios m\u00e1s complicados del pa\u00eds, con alrededor de 90 acciones, buscando que participen unas 29 instancias de gobierno, para garantizar estrategias como la pensi\u00f3n universal, el apoyo a las personas con discapacidad, J\u00f3venes Construyendo el Futuro, Programa de Apoyo para el Bienestar de Ni\u00f1as y Ni\u00f1os, Hijos de Madres Trabajadoras, entre otros.<br><\/p>\n\n\n\n<p>El titular del Inafed, Armando Quintero destac\u00f3 que a trav\u00e9s de los 100 compromisos se beneficiar\u00e1 a los 2 mil 477 municipios que hay en el pa\u00eds, priorizando la erradicaci\u00f3n de la pobreza, marginaci\u00f3n y desigualdad.<br><\/p>\n\n\n\n<p>En el Inafed, agreg\u00f3, est\u00e1n comprometidos y listos para el trabajo conjunto con los municipios y los gobiernos estatales; as\u00ed como la coordinaci\u00f3n con el Gobierno de la Rep\u00fablica, a trav\u00e9s de la Secretar\u00eda de Gobernaci\u00f3n.<\/p>\n","protected":false},"excerpt":{"rendered":"<p>La reuni\u00f3n fue realizada en la Secretar\u00eda de Gobernaci\u00f3n y se centr\u00f3 en hablar del programa 100 puntos de la Presidenta Sheinbaum. Alcaldesas y alcaldes municipales de todo el pa\u00eds se reunieron en la Secretar\u00eda de Gobernaci\u00f3n (Segob) en el marco del \u201cPrimer Encuentro Nacional, Perspectiva Municipal del Programa 100 Puntos de la presidenta Claudia [&hellip;]<\/p>\n","protected":false},"author":1,"featured_media":70237,"comment_status":"closed","ping_status":"closed","sticky":false,"template":"","format":"standard","meta":{"footnotes":""},"categories":[30,34,31],"tags":[47],"class_list":["post-70236","post","type-post","status-publish","format-standard","has-post-thumbnail","hentry","category-destacado","category-nacional","category-portada","tag-portadanacional"],"_links":{"self":[{"href":"https:\/\/elinformante.mx\/index.php?rest_route=\/wp\/v2\/posts\/70236","targetHints":{"allow":["GET"]}}],"collection":[{"href":"https:\/\/elinformante.mx\/index.php?rest_route=\/wp\/v2\/posts"}],"about":[{"href":"https:\/\/elinformante.mx\/index.php?rest_route=\/wp\/v2\/types\/post"}],"author":[{"embeddable":true,"href":"https:\/\/elinformante.mx\/index.php?rest_route=\/wp\/v2\/users\/1"}],"replies":[{"embeddable":true,"href":"https:\/\/elinformante.mx\/index.php?rest_route=%2Fwp%2Fv2%2Fcomments&post=70236"}],"version-history":[{"count":0,"href":"https:\/\/elinformante.mx\/index.php?rest_route=\/wp\/v2\/posts\/70236\/revisions"}],"wp:featuredmedia":[{"embeddable":true,"href":"https:\/\/elinformante.mx\/index.php?rest_route=\/wp\/v2\/media\/70237"}],"wp:attachment":[{"href":"https:\/\/elinformante.mx\/index.php?rest_route=%2Fwp%2Fv2%2Fmedia&parent=70236"}],"wp:term":[{"taxonomy":"category","embeddable":true,"href":"https:\/\/elinformante.mx\/index.php?rest_route=%2Fwp%2Fv2%2Fcategories&post=70236"},{"taxonomy":"post_tag","embeddable":true,"href":"https:\/\/elinformante.mx\/index.php?rest_route=%2Fwp%2Fv2%2Ftags&post=70236"}],"curies":[{"name":"wp","href":"https:\/\/api.w.org\/{rel}","templated":true}]}}