{"id":70255,"date":"2024-12-02T05:46:54","date_gmt":"2024-12-02T11:46:54","guid":{"rendered":"https:\/\/elinformante.mx\/?p=70255"},"modified":"2024-12-02T05:46:55","modified_gmt":"2024-12-02T11:46:55","slug":"juego-entre-fiorentina-vs-inter-es-suspendido-tras-desvanecerse-un-jugador","status":"publish","type":"post","link":"https:\/\/elinformante.mx\/?p=70255","title":{"rendered":"Juego entre Fiorentina vs Inter es suspendido tras desvanecerse un jugador"},"content":{"rendered":"\n<figure class=\"wp-block-pullquote\"><blockquote><p>El centrocampista italiano Edoardo Bove de 22 a\u00f1os se derrumb\u00f3 sobre el c\u00e9sped a los 16 minutos de juego.<br><\/p><\/blockquote><\/figure>\n\n\n\n<p class=\"has-drop-cap\">El partido correspondiente a la 14\u00aa fecha de la Serie A Fiorentina-Inter de Mil\u00e1n fue suspendido definitivamente despu\u00e9s del desvanecimiento del jugador local Edoardo Bove, anunci\u00f3 la liga italiana.<br><\/p>\n\n\n\n<p>El centrocampista italiano de 22 a\u00f1os se derrumb\u00f3 sobre el c\u00e9sped a los 16 minutos de juego (0-0 en el marcador), en medio de convulsiones seg\u00fan las im\u00e1genes de televisi\u00f3n, rodeado por compa\u00f1eros y rivales que mostraban evidentes gestos de preocupaci\u00f3n.<br><\/p>\n\n\n\n<p>El jugador fue evacuado y el resto de futbolistas y \u00e1rbitros regresaron a vestuarios. La liga italiana no tard\u00f3 en anunciar en un comunicado la suspensi\u00f3n definitiva del partido, que ser\u00e1 reprogramado en una \u201cfecha indeterminada\u201d.<br><\/p>\n\n\n\n<p>Seg\u00fan se inform\u00f3 Bove recuper\u00f3 la consciencia en el hospital de Careggi, cercano al estadio Artemio-Franchi de la Fiorentina.<br><\/p>\n\n\n\n<figure class=\"wp-block-image size-large\"><img fetchpriority=\"high\" decoding=\"async\" width=\"1024\" height=\"503\" src=\"https:\/\/elinformante.mx\/wp-content\/uploads\/2024\/12\/14juego2-1024x503.jpg\" alt=\"\" class=\"wp-image-70257\" srcset=\"https:\/\/elinformante.mx\/wp-content\/uploads\/2024\/12\/14juego2-1024x503.jpg 1024w, https:\/\/elinformante.mx\/wp-content\/uploads\/2024\/12\/14juego2-300x147.jpg 300w, https:\/\/elinformante.mx\/wp-content\/uploads\/2024\/12\/14juego2-768x377.jpg 768w, https:\/\/elinformante.mx\/wp-content\/uploads\/2024\/12\/14juego2.jpg 1140w\" sizes=\"(max-width: 1024px) 100vw, 1024px\" \/><\/figure>\n\n\n\n<p>Ese desfallecimiento hizo revivir en la \u2018Fiore\u2019 el doloroso recuerdo de la muerte del antiguo capit\u00e1n Davide Astori en 2018, fallecido mientras dorm\u00eda a los 31 a\u00f1os antes de un partido de liga ante Udinese.<br><\/p>\n\n\n\n<p>La pasada temporada, el internacional marfile\u00f1o de la AS Roma Evan Ndicka, de 25 a\u00f1os, fue v\u00edctima de un desfallecimiento durante el partido contra Udinese el 14 de abril de 2024.<br><\/p>\n\n\n\n<p>La Roma, que finalmente gan\u00f3 2-1 el partido que concluy\u00f3 unos d\u00edas m\u00e1s tarde, explic\u00f3 que su jugador sufri\u00f3 un colapso pulmonar que nada tuvo que ver con ning\u00fan problema card\u00edaco.<br><\/p>\n\n\n\n<p>La Fiorentina comenz\u00f3 el partido igualada a puntos con el Inter (28 puntos), a cuatro puntos del l\u00edder Naples, que hab\u00eda ganado 1-0 horas antes en la cancha del Torino.<\/p>\n","protected":false},"excerpt":{"rendered":"<p>El centrocampista italiano Edoardo Bove de 22 a\u00f1os se derrumb\u00f3 sobre el c\u00e9sped a los 16 minutos de juego. El partido correspondiente a la 14\u00aa fecha de la Serie A Fiorentina-Inter de Mil\u00e1n fue suspendido definitivamente despu\u00e9s del desvanecimiento del jugador local Edoardo Bove, anunci\u00f3 la liga italiana. El centrocampista italiano de 22 a\u00f1os se [&hellip;]<\/p>\n","protected":false},"author":1,"featured_media":70256,"comment_status":"closed","ping_status":"closed","sticky":false,"template":"","format":"standard","meta":{"footnotes":""},"categories":[38],"tags":[],"class_list":["post-70255","post","type-post","status-publish","format-standard","has-post-thumbnail","hentry","category-deportes"],"_links":{"self":[{"href":"https:\/\/elinformante.mx\/index.php?rest_route=\/wp\/v2\/posts\/70255","targetHints":{"allow":["GET"]}}],"collection":[{"href":"https:\/\/elinformante.mx\/index.php?rest_route=\/wp\/v2\/posts"}],"about":[{"href":"https:\/\/elinformante.mx\/index.php?rest_route=\/wp\/v2\/types\/post"}],"author":[{"embeddable":true,"href":"https:\/\/elinformante.mx\/index.php?rest_route=\/wp\/v2\/users\/1"}],"replies":[{"embeddable":true,"href":"https:\/\/elinformante.mx\/index.php?rest_route=%2Fwp%2Fv2%2Fcomments&post=70255"}],"version-history":[{"count":0,"href":"https:\/\/elinformante.mx\/index.php?rest_route=\/wp\/v2\/posts\/70255\/revisions"}],"wp:featuredmedia":[{"embeddable":true,"href":"https:\/\/elinformante.mx\/index.php?rest_route=\/wp\/v2\/media\/70256"}],"wp:attachment":[{"href":"https:\/\/elinformante.mx\/index.php?rest_route=%2Fwp%2Fv2%2Fmedia&parent=70255"}],"wp:term":[{"taxonomy":"category","embeddable":true,"href":"https:\/\/elinformante.mx\/index.php?rest_route=%2Fwp%2Fv2%2Fcategories&post=70255"},{"taxonomy":"post_tag","embeddable":true,"href":"https:\/\/elinformante.mx\/index.php?rest_route=%2Fwp%2Fv2%2Ftags&post=70255"}],"curies":[{"name":"wp","href":"https:\/\/api.w.org\/{rel}","templated":true}]}}