{"id":70266,"date":"2024-12-02T05:52:58","date_gmt":"2024-12-02T11:52:58","guid":{"rendered":"https:\/\/elinformante.mx\/?p=70266"},"modified":"2024-12-02T05:53:06","modified_gmt":"2024-12-02T11:53:06","slug":"vinculan-a-dos-por-secuestro-expres","status":"publish","type":"post","link":"https:\/\/elinformante.mx\/?p=70266","title":{"rendered":"Vinculan a dos por secuestro expr\u00e9s"},"content":{"rendered":"\n<figure class=\"wp-block-pullquote\"><blockquote><p>Los detenidos al parecer eran integrantes de un grupo delictivo autodenominado \u201cLos Rucos\u201d, dedicado al robo de transporte de carga en municipios del Estado de M\u00e9xico y la Ciudad de M\u00e9xico<\/p><\/blockquote><\/figure>\n\n\n\n<p class=\"has-drop-cap\">Felipe \u201cN\u201d y Pablo \u201cN\u201d, presuntos integrantes de un grupo delictivo autodenominado \u201cLos Rucos\u201d, dedicado al robo de transporte de carga en municipios del Estado de M\u00e9xico y la Ciudad de M\u00e9xico, fueron vinculados a proceso, tras quedar acreditada su probable intervenci\u00f3n en el delito de secuestro expr\u00e9s con fines de robo.<br><\/p>\n\n\n\n<p>Tras recabar las pruebas en su contra se inici\u00f3 el proceso legal en contra de los implicados, estableciendo tres meses para el cierre de investigaci\u00f3n complementaria y medida cautelar de prisi\u00f3n preventiva justificada.<br><\/p>\n\n\n\n<p>Felipe \u201cN\u201d y Pablo \u201cN\u201d, son investigados por hechos ocurridos el pasado 14 de noviembre, cuando habr\u00edan interceptado, amagado con un arma de fuego y privado de la libertad al conductor de un veh\u00edculo de carga, marca Kenworth, acoplado a una plataforma donde eran transportados congeladores; esto en calles de la alcald\u00eda Venustiano Carranza, en la Ciudad de M\u00e9xico.<br><\/p>\n\n\n\n<p>Los probables implicados tomaron el control del veh\u00edculo de carga, en el cual mantuvieron privada de la libertad a la v\u00edctima y se dirigieron el Estado de M\u00e9xico, hasta llegar a la carretera Texcoco-Calpulalpan, en la colonia San Joaqu\u00edn Coapango en Texcoco, donde fueron detenidos por elementos de la Secretar\u00eda de Seguridad estatal (SSEM).<br><\/p>\n\n\n\n<p>En la acci\u00f3n fue liberado el hombre secuestrado y recuperado el veh\u00edculo de carga con la mercanc\u00eda valuada en m\u00e1s de 300 mil pesos.<br><\/p>\n\n\n\n<p>Estos dos individuos fueron presentados ante el Representante Social y luego ingresados al Centro Penitenciario y de Reinserci\u00f3n Social de la zona, a disposici\u00f3n de la Autoridad Judicial, quien los vincul\u00f3 a proceso, no obstante, deben ser considerados inocentes hasta que sea dictada una sentencia condenatoria en su contra.<\/p>\n\n\n\n<p><\/p>\n","protected":false},"excerpt":{"rendered":"<p>Los detenidos al parecer eran integrantes de un grupo delictivo autodenominado \u201cLos Rucos\u201d, dedicado al robo de transporte de carga en municipios del Estado de M\u00e9xico y la Ciudad de M\u00e9xico Felipe \u201cN\u201d y Pablo \u201cN\u201d, presuntos integrantes de un grupo delictivo autodenominado \u201cLos Rucos\u201d, dedicado al robo de transporte de carga en municipios del [&hellip;]<\/p>\n","protected":false},"author":1,"featured_media":70267,"comment_status":"closed","ping_status":"closed","sticky":false,"template":"","format":"standard","meta":{"footnotes":""},"categories":[30,36,37],"tags":[],"class_list":["post-70266","post","type-post","status-publish","format-standard","has-post-thumbnail","hentry","category-destacado","category-edomex","category-justicia"],"_links":{"self":[{"href":"https:\/\/elinformante.mx\/index.php?rest_route=\/wp\/v2\/posts\/70266","targetHints":{"allow":["GET"]}}],"collection":[{"href":"https:\/\/elinformante.mx\/index.php?rest_route=\/wp\/v2\/posts"}],"about":[{"href":"https:\/\/elinformante.mx\/index.php?rest_route=\/wp\/v2\/types\/post"}],"author":[{"embeddable":true,"href":"https:\/\/elinformante.mx\/index.php?rest_route=\/wp\/v2\/users\/1"}],"replies":[{"embeddable":true,"href":"https:\/\/elinformante.mx\/index.php?rest_route=%2Fwp%2Fv2%2Fcomments&post=70266"}],"version-history":[{"count":0,"href":"https:\/\/elinformante.mx\/index.php?rest_route=\/wp\/v2\/posts\/70266\/revisions"}],"wp:featuredmedia":[{"embeddable":true,"href":"https:\/\/elinformante.mx\/index.php?rest_route=\/wp\/v2\/media\/70267"}],"wp:attachment":[{"href":"https:\/\/elinformante.mx\/index.php?rest_route=%2Fwp%2Fv2%2Fmedia&parent=70266"}],"wp:term":[{"taxonomy":"category","embeddable":true,"href":"https:\/\/elinformante.mx\/index.php?rest_route=%2Fwp%2Fv2%2Fcategories&post=70266"},{"taxonomy":"post_tag","embeddable":true,"href":"https:\/\/elinformante.mx\/index.php?rest_route=%2Fwp%2Fv2%2Ftags&post=70266"}],"curies":[{"name":"wp","href":"https:\/\/api.w.org\/{rel}","templated":true}]}}