{"id":70279,"date":"2024-12-02T06:11:24","date_gmt":"2024-12-02T12:11:24","guid":{"rendered":"https:\/\/elinformante.mx\/?p=70279"},"modified":"2024-12-02T06:11:26","modified_gmt":"2024-12-02T12:11:26","slug":"promueven-el-respeto-a-la-mujer-en-tercera-caminata-naranja-en-edomex","status":"publish","type":"post","link":"https:\/\/elinformante.mx\/?p=70279","title":{"rendered":"Promueven el respeto a la mujer en Tercera Caminata Naranja en Edom\u00e9x"},"content":{"rendered":"\n<figure class=\"wp-block-pullquote\"><blockquote><p>M\u00e1s de 900 servidoras y servidores p\u00fablicos participaron en la \u201cTercera Caminata Naranja de 5 kil\u00f3metros\u201d en el Parque Metropolitano Bicentenario de Toluca, promoviendo igualdad y erradicaci\u00f3n de la violencia de g\u00e9nero.<\/p><\/blockquote><\/figure>\n\n\n\n<p class=\"has-drop-cap\">En el marco de los 16 D\u00edas de Activismo contra la Violencia de G\u00e9nero, el Gobierno del Estado de M\u00e9xico, encabezado por la Maestra Delfina G\u00f3mez \u00c1lvarez, refuerza su compromiso con acciones que fortalezcan esta lucha como la \u201cTercera Caminata Naranja de 5 kil\u00f3metros en favor de la Igualdad y la Erradicaci\u00f3n de la Violencia\u201d, en el Parque Metropolitano Bicentenario de Toluca.<br><\/p>\n\n\n\n<p>Organizada por los Servicios Educativos Integrados al Estado de M\u00e9xico (SEIEM), dependiente de la Secretar\u00eda de Educaci\u00f3n, Ciencia, Tecnolog\u00eda e Innovaci\u00f3n (SECTI), la caminata reuni\u00f3 a m\u00e1s de 900 personas servidoras p\u00fablicas, junto con sus familias, quienes se unieron al llamado para erradicar la violencia de g\u00e9nero y promover la igualdad.<br><\/p>\n\n\n\n<p>Magdaleno Reyes \u00c1ngeles, Director General de SEIEM, destac\u00f3 la importancia de construir una cultura de respeto hacia la mujer desde el \u00e1mbito educativo y se\u00f1al\u00f3 que el cambio debe comenzar en las escuelas.<br><\/p>\n\n\n\n<p>\u201cNos hemos propuesto generar una nueva cultura que revalore a la mujer y le otorgue el lugar que merece para lograr escuelas libres de violencia\u201d, afirm\u00f3 Reyes \u00c1ngeles.<br><\/p>\n\n\n\n<p>Asimismo, reconoci\u00f3 el \u00e9nfasis de la Gobernadora Delfina G\u00f3mez \u00c1lvarez y del titular de la SECTI, Miguel \u00c1ngel Hern\u00e1ndez Espejel, en fortalecer las estrategias para prevenir, combatir y erradicar la violencia de g\u00e9nero.<br><\/p>\n\n\n\n<p>Reyes \u00c1ngeles subray\u00f3 que esta tarea no recae \u00fanicamente en las y los directores escolares, sino que requiere la participaci\u00f3n activa de toda la comunidad educativa, especialmente de los hombres, quienes deben asumir el compromiso de intervenir para erradicar cualquier forma de violencia hacia las mujeres.<br><\/p>\n\n\n\n<p>Por su parte, Israel Fern\u00e1ndez Clamont, Jefe de la Unidad de Asuntos Jur\u00eddicos de SEIEM, se\u00f1al\u00f3 que la caminata reafirma el compromiso del organismo con la igualdad de g\u00e9nero.<br><\/p>\n\n\n\n<p>Record\u00f3 que esta actividad forma parte de los 16 D\u00edas de Activismo, una iniciativa internacional que se lleva a cabo anualmente entre el 25 de noviembre y el 10 de diciembre.<br><\/p>\n\n\n\n<p>Israel Salazar Mart\u00ednez, representante de los trabajadores de SEIEM, enfatiz\u00f3 que la igualdad de g\u00e9nero debe ir m\u00e1s all\u00e1 de los discursos y convertirse en un derecho cotidiano: \u201cCon esta visi\u00f3n, ni\u00f1as y ni\u00f1os podr\u00e1n so\u00f1ar sin l\u00edmites, expresar libremente sus emociones y crecer lejos de prejuicios, discursos opresivos o burlas\u201d, concluy\u00f3.<br><\/p>\n\n\n\n<p>Con acciones como esta, el Gobierno del Estado de M\u00e9xico reafirma su compromiso con la promoci\u00f3n de la igualdad, la educaci\u00f3n en valores y la creaci\u00f3n de entornos escolares libres de violencia, contribuyendo al bienestar y desarrollo social de la entidad.<\/p>\n","protected":false},"excerpt":{"rendered":"<p>M\u00e1s de 900 servidoras y servidores p\u00fablicos participaron en la \u201cTercera Caminata Naranja de 5 kil\u00f3metros\u201d en el Parque Metropolitano Bicentenario de Toluca, promoviendo igualdad y erradicaci\u00f3n de la violencia de g\u00e9nero. En el marco de los 16 D\u00edas de Activismo contra la Violencia de G\u00e9nero, el Gobierno del Estado de M\u00e9xico, encabezado por la [&hellip;]<\/p>\n","protected":false},"author":1,"featured_media":70280,"comment_status":"closed","ping_status":"closed","sticky":false,"template":"","format":"standard","meta":{"footnotes":""},"categories":[30,36],"tags":[],"class_list":["post-70279","post","type-post","status-publish","format-standard","has-post-thumbnail","hentry","category-destacado","category-edomex"],"_links":{"self":[{"href":"https:\/\/elinformante.mx\/index.php?rest_route=\/wp\/v2\/posts\/70279","targetHints":{"allow":["GET"]}}],"collection":[{"href":"https:\/\/elinformante.mx\/index.php?rest_route=\/wp\/v2\/posts"}],"about":[{"href":"https:\/\/elinformante.mx\/index.php?rest_route=\/wp\/v2\/types\/post"}],"author":[{"embeddable":true,"href":"https:\/\/elinformante.mx\/index.php?rest_route=\/wp\/v2\/users\/1"}],"replies":[{"embeddable":true,"href":"https:\/\/elinformante.mx\/index.php?rest_route=%2Fwp%2Fv2%2Fcomments&post=70279"}],"version-history":[{"count":0,"href":"https:\/\/elinformante.mx\/index.php?rest_route=\/wp\/v2\/posts\/70279\/revisions"}],"wp:featuredmedia":[{"embeddable":true,"href":"https:\/\/elinformante.mx\/index.php?rest_route=\/wp\/v2\/media\/70280"}],"wp:attachment":[{"href":"https:\/\/elinformante.mx\/index.php?rest_route=%2Fwp%2Fv2%2Fmedia&parent=70279"}],"wp:term":[{"taxonomy":"category","embeddable":true,"href":"https:\/\/elinformante.mx\/index.php?rest_route=%2Fwp%2Fv2%2Fcategories&post=70279"},{"taxonomy":"post_tag","embeddable":true,"href":"https:\/\/elinformante.mx\/index.php?rest_route=%2Fwp%2Fv2%2Ftags&post=70279"}],"curies":[{"name":"wp","href":"https:\/\/api.w.org\/{rel}","templated":true}]}}