{"id":70315,"date":"2024-12-02T06:55:15","date_gmt":"2024-12-02T12:55:15","guid":{"rendered":"https:\/\/elinformante.mx\/?p=70315"},"modified":"2024-12-02T06:55:18","modified_gmt":"2024-12-02T12:55:18","slug":"clara-brugada-anuncia-creacion-de-la-secretaria-del-deporte-y-la-recreacion-de-la-cdmx","status":"publish","type":"post","link":"https:\/\/elinformante.mx\/?p=70315","title":{"rendered":"Clara Brugada anuncia creaci\u00f3n de la Secretar\u00eda del Deporte y la Recreaci\u00f3n de la CDMX"},"content":{"rendered":"\n<figure class=\"wp-block-pullquote\"><blockquote><p>\u201cVamos a echar a andar el programa de calentadores solares, de mitad y mitad, para que se ahorren en consumo de gas, para que mejoremos el medio ambiente y para que tengamos una mejor vida\u201d, se\u00f1al\u00f3.<\/p><\/blockquote><\/figure>\n\n\n\n<p class=\"has-drop-cap\">En el marco de la presentaci\u00f3n del programa \u201cLa Ciudad te Cuida y en el Invierno te Cobija\u201d, la jefa de Gobierno, Clara Brugada Molina, anunci\u00f3 la creaci\u00f3n -el pr\u00f3ximo a\u00f1o- de la Secretar\u00eda del Deporte y Recreaci\u00f3n de la Ciudad de M\u00e9xico, cuyo titular ser\u00e1 Javier Hidalgo Ponce, actual coordinador general del Subsistema de Educaci\u00f3n Comunitaria \u201cPILARES\u201d.<br><\/p>\n\n\n\n<p>\u201cLo vamos a hacer hasta el pr\u00f3ximo a\u00f1o y tiene que ser a costos compensados, porque ya existe el Instituto del Deporte, y necesitamos dar importancia al deporte y a la recreaci\u00f3n en la Ciudad de M\u00e9xico\u201d, indic\u00f3 la mandataria local.<br><\/p>\n\n\n\n<p>Para fomentar la actividad f\u00edsica en San Miguel Teotongo, Clara Brugada anunci\u00f3 la implementaci\u00f3n de un programa que contar\u00e1 con la participaci\u00f3n de un promotor de salud, quien acompa\u00f1ar\u00e1 a las y los asistentes en sesiones de caminata en el Campo H\u00e9rcules. Los horarios disponibles ser\u00e1n a las 8:00 y 9:00 de la ma\u00f1ana, as\u00ed como a las 5:00 y 6:00 de la tarde, iniciando el pr\u00f3ximo lunes.<br><\/p>\n\n\n\n<figure class=\"wp-block-image size-large\"><img fetchpriority=\"high\" decoding=\"async\" width=\"1024\" height=\"503\" src=\"https:\/\/elinformante.mx\/wp-content\/uploads\/2024\/12\/5clara-2-1024x503.jpeg\" alt=\"\" class=\"wp-image-70317\" srcset=\"https:\/\/elinformante.mx\/wp-content\/uploads\/2024\/12\/5clara-2-1024x503.jpeg 1024w, https:\/\/elinformante.mx\/wp-content\/uploads\/2024\/12\/5clara-2-300x147.jpeg 300w, https:\/\/elinformante.mx\/wp-content\/uploads\/2024\/12\/5clara-2-768x377.jpeg 768w, https:\/\/elinformante.mx\/wp-content\/uploads\/2024\/12\/5clara-2.jpeg 1140w\" sizes=\"(max-width: 1024px) 100vw, 1024px\" \/><\/figure>\n\n\n\n<p>Brugada Molina, adelant\u00f3 que el pr\u00f3ximo a\u00f1o iniciar\u00e1 la implementaci\u00f3n de un programa de subsidios para la adquisici\u00f3n de calentadores solares, que permita a la poblaci\u00f3n pagar la mitad del costo del equipo y la otra mitad la pondr\u00e1 el Gobierno de la Ciudad.<br><\/p>\n\n\n\n<p>\u201cVamos a echar a andar el programa de calentadores solares, de mitad y mitad, para que se ahorren en consumo de gas, para que mejoremos el medio ambiente y para que tengamos una mejor vida\u201d, se\u00f1al\u00f3.<br><\/p>\n\n\n\n<p>Adem\u00e1s inform\u00f3 la implementaci\u00f3n del programa \u201cMercomuna\u201d, el cual se llevar\u00e1 a toda la ciudad con el objetivo de que la poblaci\u00f3n asegure su alimentaci\u00f3n y fortalezca su econom\u00eda: \u201c\u2013\u00bfqu\u00e9 d\u00eda vamos a entregarlo?\u2013 el mi\u00e9rcoles 11 de diciembre arrancamos Mercomuna para toda la Ciudad de M\u00e9xico.\u201d<br><\/p>\n\n\n\n<p>Adicionalmente, la titular del Ejecutivo local destac\u00f3 el apoyo econ\u00f3mico que se brindar\u00e1 a adultos mayores de 60 a 64 a\u00f1os de edad, as\u00ed como la construcci\u00f3n de cinco l\u00edneas del Cableb\u00fas, la rehabilitaci\u00f3n del Sistema de Transporte Colectivo (STC) Metro, la construcci\u00f3n de UTOP\u00cdAS en toda la ciudad, y m\u00e1s.<\/p>\n\n\n\n<p><\/p>\n","protected":false},"excerpt":{"rendered":"<p>\u201cVamos a echar a andar el programa de calentadores solares, de mitad y mitad, para que se ahorren en consumo de gas, para que mejoremos el medio ambiente y para que tengamos una mejor vida\u201d, se\u00f1al\u00f3. En el marco de la presentaci\u00f3n del programa \u201cLa Ciudad te Cuida y en el Invierno te Cobija\u201d, la [&hellip;]<\/p>\n","protected":false},"author":1,"featured_media":70316,"comment_status":"closed","ping_status":"closed","sticky":false,"template":"","format":"standard","meta":{"footnotes":""},"categories":[35,30],"tags":[],"class_list":["post-70315","post","type-post","status-publish","format-standard","has-post-thumbnail","hentry","category-cdmx","category-destacado"],"_links":{"self":[{"href":"https:\/\/elinformante.mx\/index.php?rest_route=\/wp\/v2\/posts\/70315","targetHints":{"allow":["GET"]}}],"collection":[{"href":"https:\/\/elinformante.mx\/index.php?rest_route=\/wp\/v2\/posts"}],"about":[{"href":"https:\/\/elinformante.mx\/index.php?rest_route=\/wp\/v2\/types\/post"}],"author":[{"embeddable":true,"href":"https:\/\/elinformante.mx\/index.php?rest_route=\/wp\/v2\/users\/1"}],"replies":[{"embeddable":true,"href":"https:\/\/elinformante.mx\/index.php?rest_route=%2Fwp%2Fv2%2Fcomments&post=70315"}],"version-history":[{"count":0,"href":"https:\/\/elinformante.mx\/index.php?rest_route=\/wp\/v2\/posts\/70315\/revisions"}],"wp:featuredmedia":[{"embeddable":true,"href":"https:\/\/elinformante.mx\/index.php?rest_route=\/wp\/v2\/media\/70316"}],"wp:attachment":[{"href":"https:\/\/elinformante.mx\/index.php?rest_route=%2Fwp%2Fv2%2Fmedia&parent=70315"}],"wp:term":[{"taxonomy":"category","embeddable":true,"href":"https:\/\/elinformante.mx\/index.php?rest_route=%2Fwp%2Fv2%2Fcategories&post=70315"},{"taxonomy":"post_tag","embeddable":true,"href":"https:\/\/elinformante.mx\/index.php?rest_route=%2Fwp%2Fv2%2Ftags&post=70315"}],"curies":[{"name":"wp","href":"https:\/\/api.w.org\/{rel}","templated":true}]}}