{"id":70356,"date":"2024-12-03T05:10:20","date_gmt":"2024-12-03T11:10:20","guid":{"rendered":"https:\/\/elinformante.mx\/?p=70356"},"modified":"2024-12-03T05:10:22","modified_gmt":"2024-12-03T11:10:22","slug":"elton-john-afirma-que-esta-perdiendo-la-vision","status":"publish","type":"post","link":"https:\/\/elinformante.mx\/?p=70356","title":{"rendered":"Elton John afirma que est\u00e1 perdiendo la visi\u00f3n"},"content":{"rendered":"\n<figure class=\"wp-block-pullquote\"><blockquote><p>Durante la gala de estreno del musical, expres\u00f3 que, aunque no puede verlo, disfruta escucharlo y destac\u00f3 que \u201choy sonaba bien\u201d<\/p><\/blockquote><\/figure>\n\n\n\n<p class=\"has-drop-cap\">El m\u00fasico brit\u00e1nico Elton John, de 77 a\u00f1os, ha revelado que su visi\u00f3n se ha visto gravemente afectada, impidi\u00e9ndole disfrutar visualmente de su nuevo musical The Devil Wears Prada (El diablo se viste de Prada), cuya m\u00fasica compuso.<br><\/p>\n\n\n\n<p>Hizo estas declaraciones durante la gala de estreno del musical el pasado domingo por la noche, expresando su cari\u00f1o por el proyecto, aunque no pudiera verlo en su totalidad debido a su condici\u00f3n visual.<br><\/p>\n\n\n\n<p>Elton John ya hab\u00eda compartido a trav\u00e9s de su cuenta de Instagram que hab\u00eda sufrido una infecci\u00f3n ocular severa durante el verano, lo que le dej\u00f3 con \u201cuna visi\u00f3n muy limitada en un ojo\u201c. A pesar de los avances en su tratamiento, el proceso de recuperaci\u00f3n ha sido lento, lo que le impide ver con claridad.<br><\/p>\n\n\n\n<figure class=\"wp-block-image size-large\"><img fetchpriority=\"high\" decoding=\"async\" width=\"1024\" height=\"503\" src=\"https:\/\/elinformante.mx\/wp-content\/uploads\/2024\/12\/15elton-2-1024x503.jpg\" alt=\"\" class=\"wp-image-70358\" srcset=\"https:\/\/elinformante.mx\/wp-content\/uploads\/2024\/12\/15elton-2-1024x503.jpg 1024w, https:\/\/elinformante.mx\/wp-content\/uploads\/2024\/12\/15elton-2-300x147.jpg 300w, https:\/\/elinformante.mx\/wp-content\/uploads\/2024\/12\/15elton-2-768x377.jpg 768w, https:\/\/elinformante.mx\/wp-content\/uploads\/2024\/12\/15elton-2.jpg 1140w\" sizes=\"(max-width: 1024px) 100vw, 1024px\" \/><\/figure>\n\n\n\n<p>Durante el evento de estreno, el artista brit\u00e1nico agradeci\u00f3 a su esposo, David Furnish, por ser su \u201croca\u201d durante este dif\u00edcil periodo.<br><\/p>\n\n\n\n<p>\u201cNo he podido venir a muchos de los pases (del musical) porque, como saben, he perdido la visi\u00f3n. As\u00ed que me resulta dif\u00edcil verlo, pero me encanta escuchar y hoy sonaba bien\u201c, coment\u00f3, destacando la importancia de la m\u00fasica a pesar de su limitaci\u00f3n visual.<br><\/p>\n\n\n\n<p>John tambi\u00e9n aprovech\u00f3 para agradecer al equipo m\u00e9dico que lo est\u00e1 tratando, as\u00ed como a su familia, por su apoyo. \u201cMe siento positivo sobre el progreso que he realizado para recuperarme\u201d, agreg\u00f3.<br><\/p>\n\n\n\n<p>El cantante, cuya carrera ha estado marcada por grandes \u00e9xitos como I\u2019m Still Standing, Your Song y Rocketman, realiz\u00f3 su \u00faltimo concierto en 2023 en el festival de m\u00fasica de Glastonbury, como parte de su gira de despedida Farewell Yellow Brick Road, que culmin\u00f3 en Estocolmo, Suecia.<\/p>\n","protected":false},"excerpt":{"rendered":"<p>Durante la gala de estreno del musical, expres\u00f3 que, aunque no puede verlo, disfruta escucharlo y destac\u00f3 que \u201choy sonaba bien\u201d El m\u00fasico brit\u00e1nico Elton John, de 77 a\u00f1os, ha revelado que su visi\u00f3n se ha visto gravemente afectada, impidi\u00e9ndole disfrutar visualmente de su nuevo musical The Devil Wears Prada (El diablo se viste de [&hellip;]<\/p>\n","protected":false},"author":1,"featured_media":70357,"comment_status":"closed","ping_status":"closed","sticky":false,"template":"","format":"standard","meta":{"footnotes":""},"categories":[30,39],"tags":[],"class_list":["post-70356","post","type-post","status-publish","format-standard","has-post-thumbnail","hentry","category-destacado","category-espectaculos"],"_links":{"self":[{"href":"https:\/\/elinformante.mx\/index.php?rest_route=\/wp\/v2\/posts\/70356","targetHints":{"allow":["GET"]}}],"collection":[{"href":"https:\/\/elinformante.mx\/index.php?rest_route=\/wp\/v2\/posts"}],"about":[{"href":"https:\/\/elinformante.mx\/index.php?rest_route=\/wp\/v2\/types\/post"}],"author":[{"embeddable":true,"href":"https:\/\/elinformante.mx\/index.php?rest_route=\/wp\/v2\/users\/1"}],"replies":[{"embeddable":true,"href":"https:\/\/elinformante.mx\/index.php?rest_route=%2Fwp%2Fv2%2Fcomments&post=70356"}],"version-history":[{"count":0,"href":"https:\/\/elinformante.mx\/index.php?rest_route=\/wp\/v2\/posts\/70356\/revisions"}],"wp:featuredmedia":[{"embeddable":true,"href":"https:\/\/elinformante.mx\/index.php?rest_route=\/wp\/v2\/media\/70357"}],"wp:attachment":[{"href":"https:\/\/elinformante.mx\/index.php?rest_route=%2Fwp%2Fv2%2Fmedia&parent=70356"}],"wp:term":[{"taxonomy":"category","embeddable":true,"href":"https:\/\/elinformante.mx\/index.php?rest_route=%2Fwp%2Fv2%2Fcategories&post=70356"},{"taxonomy":"post_tag","embeddable":true,"href":"https:\/\/elinformante.mx\/index.php?rest_route=%2Fwp%2Fv2%2Ftags&post=70356"}],"curies":[{"name":"wp","href":"https:\/\/api.w.org\/{rel}","templated":true}]}}